{"id":6095,"date":"2025-09-25T11:15:43","date_gmt":"2025-09-25T09:15:43","guid":{"rendered":"https:\/\/www.ikostech.es\/cue\/?p=6095"},"modified":"2026-02-23T10:22:20","modified_gmt":"2026-02-23T09:22:20","slug":"plagas-y-enfermedades-fungicas-en-invierno","status":"publish","type":"post","link":"https:\/\/www.ikostech.es\/cue\/plagas-y-enfermedades-fungicas-en-invierno\/","title":{"rendered":"Plagas y enfermedades f\u00fangicas en invierno: exterior e invernadero"},"content":{"rendered":"\n<h1 class=\"wp-block-heading has-text-align-left\"><strong>\ud83d\udee1\ufe0f\u2744\ufe0f Invierno bajo control: plagas y hongos a raya<\/strong><\/h1>\n\n\n\n<div style=\"height:60px\" aria-hidden=\"true\" class=\"wp-block-spacer\"><\/div>\n\n\n\n<h2 class=\"wp-block-heading\"><strong>Invierno en el cultivo: qu\u00e9 cambia y por qu\u00e9 (T\u00b0, HR, mojado foliar, fotoperiodo) \u00b7\u2744\ufe0f<\/strong><\/h2>\n\n\n\n<div style=\"height:30px\" aria-hidden=\"true\" class=\"wp-block-spacer\"><\/div>\n\n\n\n<h3 class=\"wp-block-heading\"><strong>Factores de riesgo y microclima <\/strong><\/h3>\n\n\n\n<div style=\"height:20px\" aria-hidden=\"true\" class=\"wp-block-spacer\"><\/div>\n\n\n\n<p>En invierno desciende la temperatura, aumenta la <strong>humedad relativa (HR)<\/strong> y el mojado foliar se prolonga. Ese contexto frena a varias plagas, pero favorece hongos y mantiene activos ciertos problemas bajo pl\u00e1stico. El fotoperiodo corto reduce la renovaci\u00f3n de aire y potencia condensaciones, sobre todo al amanecer.<\/p>\n\n\n\n<p><strong>\ud83d\udee1\ufe0f Clave pr\u00e1ctica:<\/strong> asegurar <strong>hoja seca al amanecer<\/strong> (ventilaci\u00f3n previa + riego temprano) reduce el riesgo de botritis y mildiu.<\/p>\n\n\n\n<h4 class=\"wp-block-heading\">\ud83e\ude9f Invernadero (cultivo protegido) <\/h4>\n\n\n\n<div style=\"height:10px\" aria-hidden=\"true\" class=\"wp-block-spacer\"><\/div>\n\n\n\n<p>El microclima alterna <strong>mediod\u00edas templados y secos<\/strong> con <strong>amaneceres fr\u00edos y h\u00famedos<\/strong>. Esa oscilaci\u00f3n facilita picos de \u00e1caros y la germinaci\u00f3n de o\u00eddio\/botritis\/mildiu cuando el follaje despierta mojado. Resultan decisivos la <strong>ventilaci\u00f3n escalonada<\/strong>, <strong>abrir antes del calentamiento solar<\/strong>, <strong>evitar cierres largos<\/strong> y mantener una <strong>densidad<\/strong> que permita paso de luz y secado del dosel.<\/p>\n\n\n\n<h4 class=\"wp-block-heading\">\ud83c\udf24\ufe0f Al aire libre <\/h4>\n\n\n\n<div style=\"height:10px\" aria-hidden=\"true\" class=\"wp-block-spacer\"><\/div>\n\n\n\n<p>El <strong>fr\u00edo sostenido<\/strong> reduce insectos, pero <strong>nieblas y lluvias<\/strong> alargan el mojado foliar y los <strong>suelos encharcados<\/strong>. Conviene priorizar <strong>drenaje<\/strong>, exposici\u00f3n a <strong>sol y brisa<\/strong>, controlar <strong>maleza densa<\/strong> en bordes y ajustar <strong>riegos<\/strong> a horas de buen secado; evitar labores que provoquen <strong>heridas<\/strong> en d\u00edas de helada o viento fuerte.<\/p>\n\n\n\n<hr class=\"wp-block-separator has-alpha-channel-opacity\"\/>\n\n\n\n<h2 class=\"wp-block-heading\"><strong>Plagas m\u00e1s frecuentes en invierno: diagn\u00f3stico y primeras decisiones \u00b7 \ud83d\udc1e<\/strong><\/h2>\n\n\n\n<div style=\"height:30px\" aria-hidden=\"true\" class=\"wp-block-spacer\"><\/div>\n\n\n\n<h3 class=\"wp-block-heading\">Pulgones y mosca blanca<\/h3>\n\n\n\n<div style=\"height:20px\" aria-hidden=\"true\" class=\"wp-block-spacer\"><\/div>\n\n\n\n<p>Colonizan brotes tiernos y dejan melaza con fumagina; en protegido mantienen vaivenes y, al exterior, repuntan tras ventanas templadas. La preservaci\u00f3n de fauna \u00fatil y evitar excesos de nitr\u00f3geno ralentizan la colonizaci\u00f3n.<\/p>\n\n\n\n<p><strong>\u26a0\ufe0f Riesgo t\u00edpico:<\/strong> brotaci\u00f3n suave + abrigo t\u00e9rmico \u2192 focos r\u00e1pidos en puntas y env\u00e9s.<\/p>\n\n\n\n<h4 class=\"wp-block-heading\">\ud83e\ude9f Invernadero (cultivo protegido)<\/h4>\n\n\n\n<div style=\"height:10px\" aria-hidden=\"true\" class=\"wp-block-spacer\"><\/div>\n\n\n\n<p>Los focos arrancan en bordes, accesos y pasillos. \u00datil ventilar cuando el sol lo permite, revisar env\u00e9s de hojas j\u00f3venes en l\u00edneas perimetrales y controlar el vigor para no \u201cdulcificar\u201d el tejido.<\/p>\n\n\n\n<h4 class=\"wp-block-heading\">\ud83c\udf24\ufe0f Al aire libre<\/h4>\n\n\n\n<div style=\"height:10px\" aria-hidden=\"true\" class=\"wp-block-spacer\"><\/div>\n\n\n\n<p>Tras d\u00edas suaves, revisar orientaciones c\u00e1lidas y vegetaci\u00f3n colindante; podas sanitarias y retirada de rebrotes d\u00e9biles reducen la atracci\u00f3n y los reservorios.<\/p>\n\n\n\n<h3 class=\"wp-block-heading\">Trips (incl. <em>Thrips parvispinus<\/em>)<\/h3>\n\n\n\n<div style=\"height:20px\" aria-hidden=\"true\" class=\"wp-block-spacer\"><\/div>\n\n\n\n<figure class=\"wp-block-image aligncenter size-full is-resized\"><img fetchpriority=\"high\" decoding=\"async\" width=\"447\" height=\"591\" src=\"https:\/\/www.ikostech.es\/cue\/wp-content\/uploads\/2025\/09\/csm_thrips_parvispinus_Koppert_1_7d2a6ea0cc.webp\" alt=\"\" class=\"wp-image-6101\" style=\"width:190px\" srcset=\"https:\/\/www.ikostech.es\/cue\/wp-content\/uploads\/2025\/09\/csm_thrips_parvispinus_Koppert_1_7d2a6ea0cc.webp 447w, https:\/\/www.ikostech.es\/cue\/wp-content\/uploads\/2025\/09\/csm_thrips_parvispinus_Koppert_1_7d2a6ea0cc-227x300.webp 227w\" sizes=\"(max-width: 447px) 100vw, 447px\" \/><\/figure>\n\n\n\n<div style=\"height:20px\" aria-hidden=\"true\" class=\"wp-block-spacer\"><\/div>\n\n\n\n<p>Dejan plateados y suberificaciones; en pimiento, la \u201ccremallera\u201d cerca del c\u00e1liz es caracter\u00edstica. Larvas ocultas en tejido verde y pupas en suelo; la presi\u00f3n aumenta con T\u00b0 &gt; 12\u201313 \u00b0C. <strong>Cu\u00e1ndo aprieta m\u00e1s.<\/strong> En el sureste espa\u00f1ol, <em>Thrips parvispinus<\/em> presiona sobre todo de finales de verano a oto\u00f1o, con pico habitual en octubre. A partir de abril la poblaci\u00f3n despega con el calor y, por debajo de ~12\u201313 \u00b0C, su actividad cae casi a m\u00ednimos en invierno. Como su ciclo se acorta con temperaturas templadas-altas (\u224812\u201316 d\u00edas alrededor de 25 \u00b0C), las explosiones de da\u00f1os son t\u00edpicas al final del verano y en oto\u00f1o.<\/p>\n\n\n\n<p><strong>\ud83d\udee1\ufe0f Clave pr\u00e1ctica:<\/strong> detecci\u00f3n temprana con <strong>trampas azules<\/strong> + revisi\u00f3n de <strong>c\u00e1liz\/env\u00e9s\/brotes<\/strong>.<\/p>\n\n\n\n<h4 class=\"wp-block-heading\">\ud83e\ude9f Invernadero (cultivo protegido)<\/h4>\n\n\n\n<div style=\"height:10px\" aria-hidden=\"true\" class=\"wp-block-spacer\"><\/div>\n\n\n\n<p>Exclusi\u00f3n (mallas, doble puerta) e higiene entre ciclos reducen entradas. Colocar trampas a distintas alturas y muestrear zonas medias-bajas. Si se interviene, <strong>rotar modos de acci\u00f3n<\/strong> y priorizar selectividad para proteger auxiliares.<\/p>\n\n\n\n<h4 class=\"wp-block-heading\">\ud83c\udf24\ufe0f Al aire libre<\/h4>\n\n\n\n<div style=\"height:10px\" aria-hidden=\"true\" class=\"wp-block-spacer\"><\/div>\n\n\n\n<p>La actividad se frena con fr\u00edo sostenido; eliminar restos florales y vegetales reduce refugios en \u00e1reas resguardadas y bajo coberturas.<\/p>\n\n\n\n<h3 class=\"wp-block-heading\">Ara\u00f1a roja (<em>Tetranychus urticae<\/em>)<\/h3>\n\n\n\n<div style=\"height:20px\" aria-hidden=\"true\" class=\"wp-block-spacer\"><\/div>\n\n\n\n<figure class=\"wp-block-image aligncenter size-full is-resized\"><img decoding=\"async\" width=\"1536\" height=\"1024\" src=\"https:\/\/www.ikostech.es\/cue\/wp-content\/uploads\/2025\/09\/ChatGPT-Image-24-sept-2025-10_09_40.png\" alt=\"\" class=\"wp-image-6104\" style=\"width:190px\" srcset=\"https:\/\/www.ikostech.es\/cue\/wp-content\/uploads\/2025\/09\/ChatGPT-Image-24-sept-2025-10_09_40.png 1536w, https:\/\/www.ikostech.es\/cue\/wp-content\/uploads\/2025\/09\/ChatGPT-Image-24-sept-2025-10_09_40-300x200.png 300w, https:\/\/www.ikostech.es\/cue\/wp-content\/uploads\/2025\/09\/ChatGPT-Image-24-sept-2025-10_09_40-1024x683.png 1024w, https:\/\/www.ikostech.es\/cue\/wp-content\/uploads\/2025\/09\/ChatGPT-Image-24-sept-2025-10_09_40-768x512.png 768w\" sizes=\"(max-width: 1536px) 100vw, 1536px\" \/><\/figure>\n\n\n\n<div style=\"height:20px\" aria-hidden=\"true\" class=\"wp-block-spacer\"><\/div>\n\n\n\n<p>El signo gu\u00eda es el <strong>punteado clor\u00f3tico<\/strong> que progresa a bronce; en ataques altos aparecen telara\u00f1as finas. Prefiere ambientes secos y hojas con polvo; con fr\u00edo intenso entra en diapausa, pero bajo pl\u00e1stico puede mantenerse activa \ud83d\udd77\ufe0f.<\/p>\n\n\n\n<p><strong>\u26a0\ufe0f Riesgo t\u00edpico:<\/strong> estr\u00e9s h\u00eddrico + polvo + baja HR \u2192 expansi\u00f3n silenciosa en hojas maduras.<\/p>\n\n\n\n<h4 class=\"wp-block-heading\">\ud83e\ude9f Invernadero (cultivo protegido)<\/h4>\n\n\n\n<div style=\"height:10px\" aria-hidden=\"true\" class=\"wp-block-spacer\"><\/div>\n\n\n\n<p>Focos en puntos secos y c\u00e1lidos (entradas, motores, tuber\u00edas). Mantener condiciones compatibles con depredadores y <strong>regar por la ma\u00f1ana<\/strong> limita avances.<\/p>\n\n\n\n<h4 class=\"wp-block-heading\">\ud83c\udf24\ufe0f Al aire libre<\/h4>\n\n\n\n<div style=\"height:10px\" aria-hidden=\"true\" class=\"wp-block-spacer\"><\/div>\n\n\n\n<p>Con lluvia y fr\u00edo se frena; tras d\u00edas templados, revisar env\u00e9s y nervios principales en plantas resguardadas.<\/p>\n\n\n\n<h3 class=\"wp-block-heading\">Orugas y minadores<\/h3>\n\n\n\n<div style=\"height:20px\" aria-hidden=\"true\" class=\"wp-block-spacer\"><\/div>\n\n\n\n<figure class=\"wp-block-image aligncenter size-full is-resized\"><img decoding=\"async\" width=\"1536\" height=\"1024\" src=\"https:\/\/www.ikostech.es\/cue\/wp-content\/uploads\/2025\/09\/ChatGPT-Image-24-sept-2025-10_44_37.png\" alt=\"\" class=\"wp-image-6105\" style=\"width:190px\" srcset=\"https:\/\/www.ikostech.es\/cue\/wp-content\/uploads\/2025\/09\/ChatGPT-Image-24-sept-2025-10_44_37.png 1536w, https:\/\/www.ikostech.es\/cue\/wp-content\/uploads\/2025\/09\/ChatGPT-Image-24-sept-2025-10_44_37-300x200.png 300w, https:\/\/www.ikostech.es\/cue\/wp-content\/uploads\/2025\/09\/ChatGPT-Image-24-sept-2025-10_44_37-1024x683.png 1024w, https:\/\/www.ikostech.es\/cue\/wp-content\/uploads\/2025\/09\/ChatGPT-Image-24-sept-2025-10_44_37-768x512.png 768w\" sizes=\"(max-width: 1536px) 100vw, 1536px\" \/><\/figure>\n\n\n\n<div style=\"height:20px\" aria-hidden=\"true\" class=\"wp-block-spacer\"><\/div>\n\n\n\n<p>El ritmo baja en invierno, pero los <strong>da\u00f1os en brotes<\/strong> y <strong>galer\u00edas<\/strong> comprometen plantaciones tard\u00edas si no se detectan a tiempo.<\/p>\n\n\n\n<p><strong>\ud83d\udee1\ufe0f Clave pr\u00e1ctica:<\/strong> inspecci\u00f3n visual de cogollos y hojas intermedias tras ventanas templadas.<\/p>\n\n\n\n<h4 class=\"wp-block-heading\">\ud83e\ude9f Invernadero (cultivo protegido)<\/h4>\n\n\n\n<div style=\"height:10px\" aria-hidden=\"true\" class=\"wp-block-spacer\"><\/div>\n\n\n\n<p>Buena ventilaci\u00f3n reduce oviposici\u00f3n; evitar solapes de cultivo disminuye \u201cherencias\u201d de poblaci\u00f3n entre ciclos.<\/p>\n\n\n\n<h4 class=\"wp-block-heading\">\ud83c\udf24\ufe0f Al aire libre<\/h4>\n\n\n\n<div style=\"height:10px\" aria-hidden=\"true\" class=\"wp-block-spacer\"><\/div>\n\n\n\n<p>Tras periodos suaves, revisar linderos y bordes; la fauna auxiliar ayuda si no se ve afectada por decisiones no selectivas.<\/p>\n\n\n\n<h3 class=\"wp-block-heading\">Babosas y caracoles<\/h3>\n\n\n\n<div style=\"height:20px\" aria-hidden=\"true\" class=\"wp-block-spacer\"><\/div>\n\n\n\n<figure class=\"wp-block-image aligncenter size-full is-resized\"><img loading=\"lazy\" decoding=\"async\" width=\"1536\" height=\"1024\" src=\"https:\/\/www.ikostech.es\/cue\/wp-content\/uploads\/2025\/09\/ChatGPT-Image-24-sept-2025-11_11_56.png\" alt=\"\" class=\"wp-image-6107\" style=\"width:190px\" srcset=\"https:\/\/www.ikostech.es\/cue\/wp-content\/uploads\/2025\/09\/ChatGPT-Image-24-sept-2025-11_11_56.png 1536w, https:\/\/www.ikostech.es\/cue\/wp-content\/uploads\/2025\/09\/ChatGPT-Image-24-sept-2025-11_11_56-300x200.png 300w, https:\/\/www.ikostech.es\/cue\/wp-content\/uploads\/2025\/09\/ChatGPT-Image-24-sept-2025-11_11_56-1024x683.png 1024w, https:\/\/www.ikostech.es\/cue\/wp-content\/uploads\/2025\/09\/ChatGPT-Image-24-sept-2025-11_11_56-768x512.png 768w\" sizes=\"(max-width: 1536px) 100vw, 1536px\" \/><\/figure>\n\n\n\n<div style=\"height:20px\" aria-hidden=\"true\" class=\"wp-block-spacer\"><\/div>\n\n\n\n<p>Con suelos h\u00famedos dejan mordiscos irregulares y rastros brillantes; prefieren sombra y restos vegetales.<br><strong>\u26a0\ufe0f Riesgo t\u00edpico:<\/strong> encharcamientos + restos frescos \u2192 actividad nocturna intensa.<\/p>\n\n\n\n<h4 class=\"wp-block-heading\">\ud83e\ude9f Invernadero (cultivo protegido)<\/h4>\n\n\n\n<div style=\"height:10px\" aria-hidden=\"true\" class=\"wp-block-spacer\"><\/div>\n\n\n\n<p>Limpieza real de pasillos, control de goteras y retirada vespertina de restos limitan recorridos.<\/p>\n\n\n\n<h4 class=\"wp-block-heading\">\ud83c\udf24\ufe0f Al aire libre<\/h4>\n\n\n\n<div style=\"height:10px\" aria-hidden=\"true\" class=\"wp-block-spacer\"><\/div>\n\n\n\n<p>Mejorar <strong>drenaje<\/strong> y ajustar riegos reduce refugios; labores superficiales tras lluvia exponen puestas y juveniles.<\/p>\n\n\n\n<hr class=\"wp-block-separator has-alpha-channel-opacity\"\/>\n\n\n\n<h2 class=\"wp-block-heading\"><strong>Hongos en invierno: s\u00edntomas \u201cfirma\u201d y prevenci\u00f3n pr\u00e1ctica \u00b7 \ud83c\udf44<\/strong><\/h2>\n\n\n\n<div style=\"height:30px\" aria-hidden=\"true\" class=\"wp-block-spacer\"><\/div>\n\n\n\n<h3 class=\"wp-block-heading\">O\u00eddio<\/h3>\n\n\n\n<div style=\"height:20px\" aria-hidden=\"true\" class=\"wp-block-spacer\"><\/div>\n\n\n\n<figure class=\"wp-block-image aligncenter size-full is-resized\"><img loading=\"lazy\" decoding=\"async\" width=\"768\" height=\"1024\" src=\"https:\/\/www.ikostech.es\/cue\/wp-content\/uploads\/2025\/09\/oidio.jpg\" alt=\"\" class=\"wp-image-6111\" style=\"width:190px\" srcset=\"https:\/\/www.ikostech.es\/cue\/wp-content\/uploads\/2025\/09\/oidio.jpg 768w, https:\/\/www.ikostech.es\/cue\/wp-content\/uploads\/2025\/09\/oidio-225x300.jpg 225w\" sizes=\"(max-width: 768px) 100vw, 768px\" \/><\/figure>\n\n\n\n<div style=\"height:20px\" aria-hidden=\"true\" class=\"wp-block-spacer\"><\/div>\n\n\n\n<p>Polvo blanco sobre hojas y tallos; coloniza tejido tierno, reduce fotos\u00edntesis y acelera la senescencia. Suele prosperar con <strong>HR alta<\/strong>, <strong>hoja seca<\/strong> y <strong>poca ventilaci\u00f3n<\/strong>.<br><strong>\u26a0\ufe0f Riesgo t\u00edpico:<\/strong> contraste d\u00eda\/noche + aire estancado \u2192 estallidos r\u00e1pidos en brotes j\u00f3venes.<\/p>\n\n\n\n<h4 class=\"wp-block-heading\">\ud83e\ude9f Invernadero (cultivo protegido)<\/h4>\n\n\n\n<div style=\"height:10px\" aria-hidden=\"true\" class=\"wp-block-spacer\"><\/div>\n\n\n\n<p>Ventilaci\u00f3n escalonada cuando hay sol, <strong>riego temprano<\/strong> sin mojar el follaje y densidades que permitan luz y secado del dosel. Podas sanitarias selectivas para no dejar heridas en condiciones fr\u00edas y h\u00famedas.<\/p>\n\n\n\n<h4 class=\"wp-block-heading\">\ud83c\udf24\ufe0f Al aire libre<\/h4>\n\n\n\n<div style=\"height:10px\" aria-hidden=\"true\" class=\"wp-block-spacer\"><\/div>\n\n\n\n<p>Reducir sombreados densos y favorecer aireaci\u00f3n natural. En hortalizas de hoja, marcos ligeramente m\u00e1s abiertos y riegos en horas de buen secado limitan infecciones.<\/p>\n\n\n\n<hr class=\"wp-block-separator has-alpha-channel-opacity\"\/>\n\n\n\n<h3 class=\"wp-block-heading\">Botritis (moho gris)<\/h3>\n\n\n\n<div style=\"height:20px\" aria-hidden=\"true\" class=\"wp-block-spacer\"><\/div>\n\n\n\n<figure class=\"wp-block-image aligncenter size-full is-resized\"><img loading=\"lazy\" decoding=\"async\" width=\"1024\" height=\"682\" src=\"https:\/\/www.ikostech.es\/cue\/wp-content\/uploads\/2025\/09\/Botrytis.jpg\" alt=\"\" class=\"wp-image-6108\" style=\"width:190px\" srcset=\"https:\/\/www.ikostech.es\/cue\/wp-content\/uploads\/2025\/09\/Botrytis.jpg 1024w, https:\/\/www.ikostech.es\/cue\/wp-content\/uploads\/2025\/09\/Botrytis-300x200.jpg 300w, https:\/\/www.ikostech.es\/cue\/wp-content\/uploads\/2025\/09\/Botrytis-768x512.jpg 768w\" sizes=\"(max-width: 1024px) 100vw, 1024px\" \/><\/figure>\n\n\n\n<div style=\"height:20px\" aria-hidden=\"true\" class=\"wp-block-spacer\"><\/div>\n\n\n\n<p>Manchas pardas que evolucionan a <strong>moho gris<\/strong> en flores, heridas y racimos. Se dispara con <strong>mojado foliar nocturno<\/strong> y <strong>condensaciones<\/strong>; ataca tejido envejecido o estresado.<br><strong>\ud83d\udee1\ufe0f Clave pr\u00e1ctica:<\/strong> amanecer con <strong>hoja seca<\/strong> corta el ciclo (ventilar antes del calentamiento solar).<\/p>\n\n\n\n<h4 class=\"wp-block-heading\">\ud83e\ude9f Invernadero (cultivo protegido)<\/h4>\n\n\n\n<div style=\"height:10px\" aria-hidden=\"true\" class=\"wp-block-spacer\"><\/div>\n\n\n\n<p>Control del vigor, eliminaci\u00f3n de <strong>condensaciones<\/strong>, retirada de p\u00e9talos y restos florales. Evitar cierres prolongados y programar riegos de ma\u00f1ana para no llegar mojado a la noche.<\/p>\n\n\n\n<h4 class=\"wp-block-heading\">\ud83c\udf24\ufe0f Al aire libre<\/h4>\n\n\n\n<div style=\"height:10px\" aria-hidden=\"true\" class=\"wp-block-spacer\"><\/div>\n\n\n\n<p>Tras nieblas o lluvias encadenadas, sanear \u00f3rganos muy da\u00f1ados y mejorar la exposici\u00f3n a brisa suave; evitar da\u00f1os mec\u00e1nicos en d\u00edas fr\u00edos que abran puertas de entrada.<\/p>\n\n\n\n<hr class=\"wp-block-separator has-alpha-channel-opacity\"\/>\n\n\n\n<h3 class=\"wp-block-heading\">Mildiu<\/h3>\n\n\n\n<div style=\"height:20px\" aria-hidden=\"true\" class=\"wp-block-spacer\"><\/div>\n\n\n\n<figure class=\"wp-block-image aligncenter size-full is-resized\"><img loading=\"lazy\" decoding=\"async\" width=\"960\" height=\"581\" src=\"https:\/\/www.ikostech.es\/cue\/wp-content\/uploads\/2025\/09\/Mildiu_Mildew.jpg\" alt=\"\" class=\"wp-image-6110\" style=\"width:190px\" srcset=\"https:\/\/www.ikostech.es\/cue\/wp-content\/uploads\/2025\/09\/Mildiu_Mildew.jpg 960w, https:\/\/www.ikostech.es\/cue\/wp-content\/uploads\/2025\/09\/Mildiu_Mildew-300x182.jpg 300w, https:\/\/www.ikostech.es\/cue\/wp-content\/uploads\/2025\/09\/Mildiu_Mildew-768x465.jpg 768w\" sizes=\"(max-width: 960px) 100vw, 960px\" \/><\/figure>\n\n\n\n<div style=\"height:20px\" aria-hidden=\"true\" class=\"wp-block-spacer\"><\/div>\n\n\n\n<p>Manchas <strong>amarillas\/aceitosas<\/strong> en el haz y <strong>fieltro<\/strong> en el env\u00e9s; puede provocar defoliaci\u00f3n y p\u00e9rdidas r\u00e1pidas. Prefiere <strong>noches frescas<\/strong> y <strong>hoja mojada prolongada<\/strong>.<br><strong>\u26a0\ufe0f Riesgo t\u00edpico:<\/strong> \u22656\u20138 h de hoja mojada + m\u00ednima ventilaci\u00f3n \u2192 infecci\u00f3n asegurada.<\/p>\n\n\n\n<h4 class=\"wp-block-heading\">\ud83e\ude9f Invernadero (cultivo protegido)<\/h4>\n\n\n\n<div style=\"height:10px\" aria-hidden=\"true\" class=\"wp-block-spacer\"><\/div>\n\n\n\n<p>Evitar cierres largos; abrir <strong>antes<\/strong> de que el sol caliente. Riego siempre de ma\u00f1ana y evitar mojar el dosel al final del d\u00eda.<\/p>\n\n\n\n<h4 class=\"wp-block-heading\">\ud83c\udf24\ufe0f Al aire libre<\/h4>\n\n\n\n<div style=\"height:10px\" aria-hidden=\"true\" class=\"wp-block-spacer\"><\/div>\n\n\n\n<p>El riesgo aumenta con <strong>lluvias sucesivas<\/strong> y m\u00ednimas bajas. Drenaje eficaz y marcos algo m\u00e1s abiertos ayudan en cultivos de hoja y virosis sensibles.<\/p>\n\n\n\n<hr class=\"wp-block-separator has-alpha-channel-opacity\"\/>\n\n\n\n<h3 class=\"wp-block-heading\">Roya<\/h3>\n\n\n\n<div style=\"height:20px\" aria-hidden=\"true\" class=\"wp-block-spacer\"><\/div>\n\n\n\n<figure class=\"wp-block-image aligncenter size-full is-resized\"><img loading=\"lazy\" decoding=\"async\" width=\"1024\" height=\"1024\" src=\"https:\/\/www.ikostech.es\/cue\/wp-content\/uploads\/2025\/09\/ChatGPT-Image-24-sept-2025-13_48_30.png\" alt=\"\" class=\"wp-image-6113\" style=\"width:190px\" srcset=\"https:\/\/www.ikostech.es\/cue\/wp-content\/uploads\/2025\/09\/ChatGPT-Image-24-sept-2025-13_48_30.png 1024w, https:\/\/www.ikostech.es\/cue\/wp-content\/uploads\/2025\/09\/ChatGPT-Image-24-sept-2025-13_48_30-300x300.png 300w, https:\/\/www.ikostech.es\/cue\/wp-content\/uploads\/2025\/09\/ChatGPT-Image-24-sept-2025-13_48_30-150x150.png 150w, https:\/\/www.ikostech.es\/cue\/wp-content\/uploads\/2025\/09\/ChatGPT-Image-24-sept-2025-13_48_30-768x768.png 768w\" sizes=\"(max-width: 1024px) 100vw, 1024px\" \/><\/figure>\n\n\n\n<div style=\"height:20px\" aria-hidden=\"true\" class=\"wp-block-spacer\"><\/div>\n\n\n\n<p><strong>P\u00fastulas<\/strong> anaranjadas o marrones en el env\u00e9s, amarilleo en el haz y p\u00e9rdida de vigor. Requiere <strong>hoja mojada<\/strong> y temperaturas suaves-frescas.<\/p>\n\n\n\n<p><strong>\ud83d\udee1\ufe0f Clave pr\u00e1ctica:<\/strong> romper el <strong>roc\u00edo persistente<\/strong> (exposici\u00f3n a brisas, menos contacto hoja-hoja).<\/p>\n\n\n\n<h4 class=\"wp-block-heading\">\ud83e\ude9f Invernadero (cultivo protegido)<\/h4>\n\n\n\n<div style=\"height:10px\" aria-hidden=\"true\" class=\"wp-block-spacer\"><\/div>\n\n\n\n<p>Evitar <strong>sombras fr\u00edas<\/strong> y el contacto entre hojas; la ventilaci\u00f3n superior reduce acumulaci\u00f3n de humedad en las capas altas del dosel.<\/p>\n\n\n\n<h4 class=\"wp-block-heading\">\ud83c\udf24\ufe0f Al aire libre<\/h4>\n\n\n\n<div style=\"height:10px\" aria-hidden=\"true\" class=\"wp-block-spacer\"><\/div>\n\n\n\n<p>Tras amaneceres con roc\u00edo largo, conviene orientar a brisas y manejar malezas de bordes que bloquean el paso de aire.<\/p>\n\n\n\n<h2 class=\"wp-block-heading\">Monitoreo en invierno: qu\u00e9 mirar, d\u00f3nde y cada cu\u00e1nto \u00b7 \ud83d\udd0e<\/h2>\n\n\n\n<div style=\"height:30px\" aria-hidden=\"true\" class=\"wp-block-spacer\"><\/div>\n\n\n\n<h4 class=\"wp-block-heading\">Herramientas y frecuencia<\/h4>\n\n\n\n<div style=\"height:20px\" aria-hidden=\"true\" class=\"wp-block-spacer\"><\/div>\n\n\n\n<p>Lupa 10\u201320\u00d7, observaci\u00f3n de <strong>env\u00e9s y nerviaciones<\/strong>, revisi\u00f3n de <strong>c\u00e1liz y brotes tiernos<\/strong> y uso de trampas adhesivas donde aplique (azules\/trips, amarillas\/mosca blanca).<\/p>\n\n\n\n<p><strong>\ud83d\udee1\ufe0f Clave pr\u00e1ctica:<\/strong> menos superficie por visita y <strong>m\u00e1s detalle<\/strong> en focos (fecha y foto para comparar).<\/p>\n\n\n\n<h4 class=\"wp-block-heading\">\ud83e\ude9f Invernadero (cultivo protegido)<\/h4>\n\n\n\n<div style=\"height:10px\" aria-hidden=\"true\" class=\"wp-block-spacer\"><\/div>\n\n\n\n<p>Atender hot-spots: accesos, laterales, pasillos y zonas con <strong>condensaci\u00f3n<\/strong> o <strong>bolsas c\u00e1lidas y secas<\/strong>. Colocar trampas a distintas alturas y emplear bandeja blanca para golpes de muestreo en trips.<\/p>\n\n\n\n<h4 class=\"wp-block-heading\">\ud83c\udf24\ufe0f Al aire libre<\/h4>\n\n\n\n<div style=\"height:10px\" aria-hidden=\"true\" class=\"wp-block-spacer\"><\/div>\n\n\n\n<p>Priorizar <strong>bordes c\u00e1lidos y resguardados<\/strong>, linderos con vegetaci\u00f3n y orientaciones soleadas. Tras ventanas templadas o lluvias encadenadas, reforzar la revisi\u00f3n de env\u00e9s y <strong>s\u00edntomas iniciales<\/strong> de hongos.<\/p>\n\n\n\n<hr class=\"wp-block-separator has-alpha-channel-opacity\"\/>\n\n\n\n<h2 class=\"wp-block-heading\">Manejo integrado en invierno: cultura, biocontrol y (solo si toca) tratamientos \u00b7 \ud83d\udee0\ufe0f<\/h2>\n\n\n\n<div style=\"height:30px\" aria-hidden=\"true\" class=\"wp-block-spacer\"><\/div>\n\n\n\n<h3 class=\"wp-block-heading\">Pr\u00e1cticas culturales clave<\/h3>\n\n\n\n<div style=\"height:20px\" aria-hidden=\"true\" class=\"wp-block-spacer\"><\/div>\n\n\n\n<p>Reducir <strong>tiempo de hoja mojada<\/strong>, asegurar <strong>ventilaci\u00f3n efectiva<\/strong> y minimizar <strong>estr\u00e9s\/heridas<\/strong>.<\/p>\n\n\n\n<p><strong>\ud83d\udee1\ufe0f Clave pr\u00e1ctica:<\/strong> hoja <strong>seca al amanecer<\/strong> (ventilar antes + riego temprano).<\/p>\n\n\n\n<h4 class=\"wp-block-heading\">\ud83e\ude9f Invernadero (cultivo protegido)<\/h4>\n\n\n\n<div style=\"height:10px\" aria-hidden=\"true\" class=\"wp-block-spacer\"><\/div>\n\n\n\n<p>Ventilaci\u00f3n escalonada, riego de ma\u00f1ana, evitar cierres largos y densidades que impidan el secado del dosel. Control de <strong>condensaciones<\/strong>, limpieza entre ciclos y <strong>exclusi\u00f3n<\/strong> (mallas, doble puerta).<\/p>\n\n\n\n<h4 class=\"wp-block-heading\">\ud83c\udf24\ufe0f Al aire libre<\/h4>\n\n\n\n<div style=\"height:10px\" aria-hidden=\"true\" class=\"wp-block-spacer\"><\/div>\n\n\n\n<p><strong>Drenaje<\/strong> eficaz, riegos en horas de buen secado, marcos que favorezcan aireaci\u00f3n y protecci\u00f3n frente a <strong>viento\/helada<\/strong> para evitar heridas. Retirar restos y manejar malezas en bordes.<\/p>\n\n\n\n<h3 class=\"wp-block-heading\">Biocontrol y conservaci\u00f3n de fauna \u00fatil<\/h3>\n\n\n\n<div style=\"height:20px\" aria-hidden=\"true\" class=\"wp-block-spacer\"><\/div>\n\n\n\n<p>El invierno permite sostener <strong>fauna auxiliar<\/strong> si no se interrumpe con decisiones de amplio espectro.<\/p>\n\n\n\n<p><strong>\ud83d\udee1\ufe0f Clave pr\u00e1ctica:<\/strong> intervenir con <strong>selectividad<\/strong> para no colapsar depredadores y parasitoides.<\/p>\n\n\n\n<h4 class=\"wp-block-heading\">\ud83e\ude9f Invernadero (cultivo protegido)<\/h4>\n\n\n\n<div style=\"height:10px\" aria-hidden=\"true\" class=\"wp-block-spacer\"><\/div>\n\n\n\n<p>Ajustar microclima compatible con auxiliares (HR\/temperatura), realizar sueltas en focos tempranos y <strong>evitar materias no selectivas<\/strong>, especialmente en floraci\u00f3n\/cuajado.<\/p>\n\n\n\n<h4 class=\"wp-block-heading\">\ud83c\udf24\ufe0f Al aire libre<\/h4>\n\n\n\n<div style=\"height:10px\" aria-hidden=\"true\" class=\"wp-block-spacer\"><\/div>\n\n\n\n<p>Favorecer enemigos naturales con manejo de bordes y evitar impactos innecesarios; aprovechar periodos frescos para estabilizar poblaciones \u00fatiles.<\/p>\n\n\n\n<h3 class=\"wp-block-heading\">Cu\u00e1ndo escalar a tratamiento y c\u00f3mo rotar modos de acci\u00f3n<\/h3>\n\n\n\n<div style=\"height:20px\" aria-hidden=\"true\" class=\"wp-block-spacer\"><\/div>\n\n\n\n<p>Escalar cuando el <strong>foco progresa<\/strong> pese a medidas culturales\/biol\u00f3gicas o amenaza <strong>\u00f3rganos cr\u00edticos<\/strong> (floraci\u00f3n, cuajado, fruto tierno).<\/p>\n\n\n\n<p><strong>\u26a0\ufe0f Riesgo t\u00edpico:<\/strong> uso de <strong>amplio espectro<\/strong> \u2192 rebrote por p\u00e9rdida de auxiliares.<\/p>\n\n\n\n<h4 class=\"wp-block-heading\">\ud83e\ude9f Invernadero (cultivo protegido)<\/h4>\n\n\n\n<div style=\"height:10px\" aria-hidden=\"true\" class=\"wp-block-spacer\"><\/div>\n\n\n\n<p>Elegir materias <strong>selectivas<\/strong>, asegurar <strong>cobertura en env\u00e9s<\/strong> y <strong>rotar modos de acci\u00f3n<\/strong> para limitar resistencias. Programar en ventanas de <strong>buen secado<\/strong> y verificar eficacia para reponer biocontrol si procede.<\/p>\n\n\n\n<h4 class=\"wp-block-heading\">\ud83c\udf24\ufe0f Al aire libre<\/h4>\n\n\n\n<div style=\"height:10px\" aria-hidden=\"true\" class=\"wp-block-spacer\"><\/div>\n\n\n\n<p>Intervenir tras confirmar <strong>tendencia ascendente<\/strong> y con previsi\u00f3n de <strong>clima h\u00famedo<\/strong> que agrave hongos. Mantener rotaci\u00f3n de modos de acci\u00f3n y aplicar <strong>fuera de horas de roc\u00edo<\/strong> o riesgo de lavado por lluvia.<\/p>\n\n\n\n<h2 class=\"wp-block-heading\">Calendario y cierre de campa\u00f1a \u00b7 \ud83d\udcc5<\/h2>\n\n\n\n<div style=\"height:30px\" aria-hidden=\"true\" class=\"wp-block-spacer\"><\/div>\n\n\n\n<h3 class=\"wp-block-heading\">Rutina de invierno<\/h3>\n\n\n\n<div style=\"height:20px\" aria-hidden=\"true\" class=\"wp-block-spacer\"><\/div>\n\n\n\n<p>La clave es sostener un ritmo constante de inspecci\u00f3n y microajustes de clima y riego; el objetivo es amanecer con hoja seca y cultivos estables.<\/p>\n\n\n\n<p><strong>\ud83d\udee1\ufe0f Clave pr\u00e1ctica:<\/strong> constancia semanal y <strong>amanecer seco<\/strong> reducen botritis y mildiu.<\/p>\n\n\n\n<h4 class=\"wp-block-heading\">\ud83e\ude9f Invernadero (cultivo protegido)<\/h4>\n\n\n\n<div style=\"height:10px\" aria-hidden=\"true\" class=\"wp-block-spacer\"><\/div>\n\n\n\n<p>Ajustar ventilaci\u00f3n antes del calentamiento solar, regar por la ma\u00f1ana y vigilar zonas con condensaci\u00f3n. Verificar trampas y focos conocidos, corrigiendo densidades o sombreados que impidan el secado del dosel. Mantener pasillos limpios y controlar malezas internas para evitar reservorios.<\/p>\n\n\n\n<h4 class=\"wp-block-heading\">\ud83c\udf24\ufe0f Al aire libre<\/h4>\n\n\n\n<div style=\"height:10px\" aria-hidden=\"true\" class=\"wp-block-spacer\"><\/div>\n\n\n\n<p>Programar riegos en horas de buen secado y priorizar parcelas con suelos pesados para evitar encharques. Tras ventanas templadas o nieblas, revisar env\u00e9s y brotes tiernos en zonas resguardadas. Mantener bordes despejados para favorecer la circulaci\u00f3n de aire.<\/p>\n\n\n\n<hr class=\"wp-block-separator has-alpha-channel-opacity\"\/>\n\n\n\n<h3 class=\"wp-block-heading\">Cierre de campa\u00f1a y preparaci\u00f3n de la siguiente<\/h3>\n\n\n\n<div style=\"height:20px\" aria-hidden=\"true\" class=\"wp-block-spacer\"><\/div>\n\n\n\n<p>El objetivo es salir sin cargas de in\u00f3culo ni plagas latentes y entrar con estructuras y suelos en condiciones.<\/p>\n\n\n\n<p><strong>\ud83d\udee1\ufe0f Clave pr\u00e1ctica:<\/strong> <strong>sin solapes<\/strong> y <strong>sin restos<\/strong>; estructuras revisadas antes del siguiente ciclo.<\/p>\n\n\n\n<h4 class=\"wp-block-heading\">\ud83e\ude9f Invernadero (cultivo protegido)<\/h4>\n\n\n\n<div style=\"height:10px\" aria-hidden=\"true\" class=\"wp-block-spacer\"><\/div>\n\n\n\n<p>Retirar restos vegetales y cordeles, reparar pl\u00e1sticos y puntos de entrada, y limpiar drenajes internos. Verificar mallas y doble puerta, y revisar que no queden focos en zonas bajas o detr\u00e1s de estructuras. Preparar el arranque del siguiente ciclo con densidades y ventilaci\u00f3n planificadas.<\/p>\n\n\n\n<h4 class=\"wp-block-heading\">\ud83c\udf24\ufe0f Al aire libre<\/h4>\n\n\n\n<div style=\"height:10px\" aria-hidden=\"true\" class=\"wp-block-spacer\"><\/div>\n\n\n\n<p>Eliminar residuos que acumulen humedad, corregir compactaciones y asegurar desag\u00fces y caballones. Revisar linderos y setos que hayan servido de refugio y ajustar fechas de siembra para evitar picos de presi\u00f3n tempranos en el pr\u00f3ximo periodo.<\/p>\n\n\n\n<h2 class=\"wp-block-heading\">Apoyos pr\u00e1cticos este invierno \u00b7 \ud83e\udde9<\/h2>\n\n\n\n<div style=\"height:30px\" aria-hidden=\"true\" class=\"wp-block-spacer\"><\/div>\n\n\n\n<h3 class=\"wp-block-heading\">Datos y meteorolog\u00eda al servicio de la prevenci\u00f3n<\/h3>\n\n\n\n<div style=\"height:20px\" aria-hidden=\"true\" class=\"wp-block-spacer\"><\/div>\n\n\n\n<p>La combinaci\u00f3n de predicci\u00f3n por finca y sensores ayuda a reducir riesgos t\u00edpicos de oto\u00f1o\u2013invierno: condensaci\u00f3n, mojado foliar prolongado y riegos mal colocados. Ver de un vistazo la previsi\u00f3n (roc\u00edo\/niebla, lluvia, viento y horas de sol) y cruzarla con <strong>temperatura (T\u00b0)<\/strong>, <strong>humedad relativa (HR)<\/strong>, <strong>d\u00e9ficit de presi\u00f3n de vapor (DPV)<\/strong> y <strong>humedad de suelo<\/strong> permite ajustar antes ventilaci\u00f3n y riego.<\/p>\n\n\n\n<p><strong>\ud83d\udee1\ufe0f Clave pr\u00e1ctica:<\/strong> decidir con <strong>HR\/DPV<\/strong> y <strong>previsi\u00f3n de roc\u00edo\/niebla<\/strong> para <strong>abrir antes<\/strong> y <strong>regar por la ma\u00f1ana<\/strong>.<\/p>\n\n\n\n<h4 class=\"wp-block-heading\">\ud83e\ude9f Invernadero (cultivo protegido)<\/h4>\n\n\n\n<div style=\"height:10px\" aria-hidden=\"true\" class=\"wp-block-spacer\"><\/div>\n\n\n\n<p>Si la T\u00b0 del dosel se acerca al <strong>punto de roc\u00edo<\/strong>, conviene <strong>ventilaci\u00f3n escalonada<\/strong> previa al calentamiento solar y evitar <strong>cierres largos<\/strong>. Con lecturas de <strong>DPV<\/strong>, <strong>HR<\/strong> y <strong>radiaci\u00f3n<\/strong>, es m\u00e1s sencillo equilibrar <strong>renovaci\u00f3n de aire<\/strong> sin enfriar el cultivo y programar <strong>riegos tempranos<\/strong> para amanecer con hoja seca. Las <strong>alertas<\/strong> ayudan a anticipar noches calmadas y h\u00famedas (condensaci\u00f3n) y a ajustar pantallas o aperturas.<\/p>\n\n\n\n<h4 class=\"wp-block-heading\">\ud83c\udf24\ufe0f Al aire libre<\/h4>\n\n\n\n<div style=\"height:10px\" aria-hidden=\"true\" class=\"wp-block-spacer\"><\/div>\n\n\n\n<p>La <strong>previsi\u00f3n por finca<\/strong> orienta <strong>cu\u00e1ndo<\/strong> regar y <strong>cu\u00e1ndo no<\/strong>: priorizar horas <strong>soleadas y con brisa<\/strong> para que el cultivo <strong>llegue seco a la noche<\/strong>. Tras lluvia, usar <strong>humedad\/temperatura de suelo<\/strong> para reanudar riego solo cuando haya drenado, evitando encharcamientos que favorecen hongos del suelo. Cada <strong>inspecci\u00f3n<\/strong> (fecha, fotos y <strong>acci\u00f3n aplicada<\/strong>) puede registrarse <strong>directamente en nuestra app<\/strong> para consultar y comparar resultados durante el invierno.<\/p>\n\n\n\n<div style=\"height:47px\" aria-hidden=\"true\" class=\"wp-block-spacer\"><\/div>\n\n\n\n<div class=\"wp-block-buttons is-content-justification-center is-layout-flex wp-container-core-buttons-is-layout-a89b3969 wp-block-buttons-is-layout-flex\">\n<div class=\"wp-block-button\"><a class=\"wp-block-button__link has-text-align-center wp-element-button\" href=\"https:\/\/ikosadvancedcrm.activehosted.com\/f\/144\" target=\"_blank\" rel=\"noreferrer noopener\"><strong><strong>Solicitar m\u00e1s informaci\u00f3n<\/strong><\/strong><\/a><\/div>\n<\/div>\n\n\n\n<p><\/p>\n","protected":false},"excerpt":{"rendered":"<p>\ud83d\udee1\ufe0f\u2744\ufe0f Invierno bajo control: plagas y hongos a raya Invierno en el cultivo: qu\u00e9 cambia y por qu\u00e9 (T\u00b0, HR, mojado foliar, fotoperiodo) \u00b7\u2744\ufe0f Factores de riesgo y microclima En invierno desciende la temperatura, aumenta la humedad relativa (HR) y el mojado foliar se prolonga. Ese contexto frena a varias plagas, pero favorece hongos y [&hellip;]<\/p>\n","protected":false},"author":2,"featured_media":6878,"comment_status":"closed","ping_status":"open","sticky":false,"template":"","format":"standard","meta":{"site-sidebar-layout":"default","site-content-layout":"","ast-site-content-layout":"default","site-content-style":"default","site-sidebar-style":"default","ast-global-header-display":"","ast-banner-title-visibility":"","ast-main-header-display":"","ast-hfb-above-header-display":"","ast-hfb-below-header-display":"","ast-hfb-mobile-header-display":"","site-post-title":"","ast-breadcrumbs-content":"","ast-featured-img":"","footer-sml-layout":"","theme-transparent-header-meta":"","adv-header-id-meta":"","stick-header-meta":"","header-above-stick-meta":"","header-main-stick-meta":"","header-below-stick-meta":"","astra-migrate-meta-layouts":"set","ast-page-background-enabled":"default","ast-page-background-meta":{"desktop":{"background-color":"var(--ast-global-color-4)","background-image":"","background-repeat":"repeat","background-position":"center center","background-size":"auto","background-attachment":"scroll","background-type":"","background-media":"","overlay-type":"","overlay-color":"","overlay-opacity":"","overlay-gradient":""},"tablet":{"background-color":"","background-image":"","background-repeat":"repeat","background-position":"center center","background-size":"auto","background-attachment":"scroll","background-type":"","background-media":"","overlay-type":"","overlay-color":"","overlay-opacity":"","overlay-gradient":""},"mobile":{"background-color":"","background-image":"","background-repeat":"repeat","background-position":"center center","background-size":"auto","background-attachment":"scroll","background-type":"","background-media":"","overlay-type":"","overlay-color":"","overlay-opacity":"","overlay-gradient":""}},"ast-content-background-meta":{"desktop":{"background-color":"var(--ast-global-color-5)","background-image":"","background-repeat":"repeat","background-position":"center center","background-size":"auto","background-attachment":"scroll","background-type":"","background-media":"","overlay-type":"","overlay-color":"","overlay-opacity":"","overlay-gradient":""},"tablet":{"background-color":"var(--ast-global-color-5)","background-image":"","background-repeat":"repeat","background-position":"center center","background-size":"auto","background-attachment":"scroll","background-type":"","background-media":"","overlay-type":"","overlay-color":"","overlay-opacity":"","overlay-gradient":""},"mobile":{"background-color":"var(--ast-global-color-5)","background-image":"","background-repeat":"repeat","background-position":"center center","background-size":"auto","background-attachment":"scroll","background-type":"","background-media":"","overlay-type":"","overlay-color":"","overlay-opacity":"","overlay-gradient":""}},"footnotes":""},"categories":[19],"tags":[94,134,92,128,126,132,130,120,124],"class_list":["post-6095","post","type-post","status-publish","format-standard","has-post-thumbnail","hentry","category-agro","tag-agricultura","tag-control-de-humedad-en-invernadero","tag-cultivos","tag-enfermedades-fungicas-en-invernadero","tag-hongos-en-cultivos","tag-hongos-en-invierno-agricultura","tag-humedad-en-invernadero","tag-otono-invierno","tag-plagas-en-invierno"],"yoast_head":"<!-- This site is optimized with the Yoast SEO plugin v26.6 - https:\/\/yoast.com\/wordpress\/plugins\/seo\/ -->\n<title>Plagas y enfermedades f\u00fangicas en invierno<\/title>\n<meta name=\"description\" content=\"Plagas y enfermedades f\u00fangicas en invierno aumentan con la humedad y la mala ventilaci\u00f3n. Aprende c\u00f3mo prevenir riesgos en cultivo protegido y exterior.\" \/>\n<meta name=\"robots\" content=\"index, follow, max-snippet:-1, max-image-preview:large, max-video-preview:-1\" \/>\n<link rel=\"canonical\" href=\"https:\/\/www.ikostech.es\/cue\/plagas-y-enfermedades-fungicas-en-invierno\/\" \/>\n<meta property=\"og:locale\" content=\"es_ES\" \/>\n<meta property=\"og:type\" content=\"article\" \/>\n<meta property=\"og:title\" content=\"Plagas y enfermedades f\u00fangicas en invierno\" \/>\n<meta property=\"og:description\" content=\"Plagas y enfermedades f\u00fangicas en invierno aumentan con la humedad y la mala ventilaci\u00f3n. Aprende c\u00f3mo prevenir riesgos en cultivo protegido y exterior.\" \/>\n<meta property=\"og:url\" content=\"https:\/\/www.ikostech.es\/cue\/plagas-y-enfermedades-fungicas-en-invierno\/\" \/>\n<meta property=\"og:site_name\" content=\"Ikos Advanced\" \/>\n<meta property=\"article:publisher\" content=\"https:\/\/www.facebook.com\/ikostech\" \/>\n<meta property=\"article:published_time\" content=\"2025-09-25T09:15:43+00:00\" \/>\n<meta property=\"article:modified_time\" content=\"2026-02-23T09:22:20+00:00\" \/>\n<meta property=\"og:image\" content=\"https:\/\/www.ikostech.es\/cue\/wp-content\/uploads\/2025\/09\/plagas-hongos-invierno-invernadero-humedad.webp\" \/>\n\t<meta property=\"og:image:width\" content=\"1200\" \/>\n\t<meta property=\"og:image:height\" content=\"800\" \/>\n\t<meta property=\"og:image:type\" content=\"image\/webp\" \/>\n<meta name=\"author\" content=\"Alicia Almagro\" \/>\n<meta name=\"twitter:card\" content=\"summary_large_image\" \/>\n<meta name=\"twitter:creator\" content=\"@ikos_tech\" \/>\n<meta name=\"twitter:site\" content=\"@ikos_tech\" \/>\n<meta name=\"twitter:label1\" content=\"Escrito por\" \/>\n\t<meta name=\"twitter:data1\" content=\"Alicia Almagro\" \/>\n\t<meta name=\"twitter:label2\" content=\"Tiempo de lectura\" \/>\n\t<meta name=\"twitter:data2\" content=\"23 minutos\" \/>\n<script type=\"application\/ld+json\" class=\"yoast-schema-graph\">{\"@context\":\"https:\/\/schema.org\",\"@graph\":[{\"@type\":\"Article\",\"@id\":\"https:\/\/www.ikostech.es\/cue\/plagas-y-enfermedades-fungicas-en-invierno\/#article\",\"isPartOf\":{\"@id\":\"https:\/\/www.ikostech.es\/cue\/plagas-y-enfermedades-fungicas-en-invierno\/\"},\"author\":{\"name\":\"Alicia Almagro\",\"@id\":\"https:\/\/www.ikostech.es\/cue\/#\/schema\/person\/6e1883f1d8fb5232a798770599ae1b53\"},\"headline\":\"Plagas y enfermedades f\u00fangicas en invierno: exterior e invernadero\",\"datePublished\":\"2025-09-25T09:15:43+00:00\",\"dateModified\":\"2026-02-23T09:22:20+00:00\",\"mainEntityOfPage\":{\"@id\":\"https:\/\/www.ikostech.es\/cue\/plagas-y-enfermedades-fungicas-en-invierno\/\"},\"wordCount\":2216,\"publisher\":{\"@id\":\"https:\/\/www.ikostech.es\/cue\/#organization\"},\"image\":{\"@id\":\"https:\/\/www.ikostech.es\/cue\/plagas-y-enfermedades-fungicas-en-invierno\/#primaryimage\"},\"thumbnailUrl\":\"https:\/\/www.ikostech.es\/cue\/wp-content\/uploads\/2025\/09\/plagas-hongos-invierno-invernadero-humedad.webp\",\"keywords\":[\"agricultura\",\"control de humedad en invernadero\",\"cultivos\",\"enfermedades f\u00fangicas en invernadero\",\"hongos en cultivos\",\"hongos en invierno agricultura\",\"humedad en invernadero\",\"oto\u00f1o invierno\",\"plagas en invierno\"],\"articleSection\":[\"Agro\"],\"inLanguage\":\"es\"},{\"@type\":\"WebPage\",\"@id\":\"https:\/\/www.ikostech.es\/cue\/plagas-y-enfermedades-fungicas-en-invierno\/\",\"url\":\"https:\/\/www.ikostech.es\/cue\/plagas-y-enfermedades-fungicas-en-invierno\/\",\"name\":\"Plagas y enfermedades f\u00fangicas en invierno\",\"isPartOf\":{\"@id\":\"https:\/\/www.ikostech.es\/cue\/#website\"},\"primaryImageOfPage\":{\"@id\":\"https:\/\/www.ikostech.es\/cue\/plagas-y-enfermedades-fungicas-en-invierno\/#primaryimage\"},\"image\":{\"@id\":\"https:\/\/www.ikostech.es\/cue\/plagas-y-enfermedades-fungicas-en-invierno\/#primaryimage\"},\"thumbnailUrl\":\"https:\/\/www.ikostech.es\/cue\/wp-content\/uploads\/2025\/09\/plagas-hongos-invierno-invernadero-humedad.webp\",\"datePublished\":\"2025-09-25T09:15:43+00:00\",\"dateModified\":\"2026-02-23T09:22:20+00:00\",\"description\":\"Plagas y enfermedades f\u00fangicas en invierno aumentan con la humedad y la mala ventilaci\u00f3n. Aprende c\u00f3mo prevenir riesgos en cultivo protegido y exterior.\",\"breadcrumb\":{\"@id\":\"https:\/\/www.ikostech.es\/cue\/plagas-y-enfermedades-fungicas-en-invierno\/#breadcrumb\"},\"inLanguage\":\"es\",\"potentialAction\":[{\"@type\":\"ReadAction\",\"target\":[\"https:\/\/www.ikostech.es\/cue\/plagas-y-enfermedades-fungicas-en-invierno\/\"]}]},{\"@type\":\"ImageObject\",\"inLanguage\":\"es\",\"@id\":\"https:\/\/www.ikostech.es\/cue\/plagas-y-enfermedades-fungicas-en-invierno\/#primaryimage\",\"url\":\"https:\/\/www.ikostech.es\/cue\/wp-content\/uploads\/2025\/09\/plagas-hongos-invierno-invernadero-humedad.webp\",\"contentUrl\":\"https:\/\/www.ikostech.es\/cue\/wp-content\/uploads\/2025\/09\/plagas-hongos-invierno-invernadero-humedad.webp\",\"width\":1200,\"height\":800,\"caption\":\"La alta humedad y la condensaci\u00f3n favorecen enfermedades f\u00fangicas en invierno.\"},{\"@type\":\"BreadcrumbList\",\"@id\":\"https:\/\/www.ikostech.es\/cue\/plagas-y-enfermedades-fungicas-en-invierno\/#breadcrumb\",\"itemListElement\":[{\"@type\":\"ListItem\",\"position\":1,\"name\":\"Portada\",\"item\":\"https:\/\/www.ikostech.es\/cue\/\"},{\"@type\":\"ListItem\",\"position\":2,\"name\":\"Plagas y enfermedades f\u00fangicas en invierno: exterior e invernadero\"}]},{\"@type\":\"WebSite\",\"@id\":\"https:\/\/www.ikostech.es\/cue\/#website\",\"url\":\"https:\/\/www.ikostech.es\/cue\/\",\"name\":\"Ikos Advanced\",\"description\":\"Monitorizacion de cultivos\",\"publisher\":{\"@id\":\"https:\/\/www.ikostech.es\/cue\/#organization\"},\"potentialAction\":[{\"@type\":\"SearchAction\",\"target\":{\"@type\":\"EntryPoint\",\"urlTemplate\":\"https:\/\/www.ikostech.es\/cue\/?s={search_term_string}\"},\"query-input\":{\"@type\":\"PropertyValueSpecification\",\"valueRequired\":true,\"valueName\":\"search_term_string\"}}],\"inLanguage\":\"es\"},{\"@type\":\"Organization\",\"@id\":\"https:\/\/www.ikostech.es\/cue\/#organization\",\"name\":\"Ikos Advanced\",\"url\":\"https:\/\/www.ikostech.es\/cue\/\",\"logo\":{\"@type\":\"ImageObject\",\"inLanguage\":\"es\",\"@id\":\"https:\/\/www.ikostech.es\/cue\/#\/schema\/logo\/image\/\",\"url\":\"https:\/\/www.ikostech.es\/cue\/wp-content\/uploads\/2023\/03\/logo-imagen-destacada.jpeg\",\"contentUrl\":\"https:\/\/www.ikostech.es\/cue\/wp-content\/uploads\/2023\/03\/logo-imagen-destacada.jpeg\",\"width\":480,\"height\":480,\"caption\":\"Ikos Advanced\"},\"image\":{\"@id\":\"https:\/\/www.ikostech.es\/cue\/#\/schema\/logo\/image\/\"},\"sameAs\":[\"https:\/\/www.facebook.com\/ikostech\",\"https:\/\/x.com\/ikos_tech\",\"https:\/\/www.instagram.com\/ikos_tech\/\",\"https:\/\/es.linkedin.com\/company\/ikos-tech\"]},{\"@type\":\"Person\",\"@id\":\"https:\/\/www.ikostech.es\/cue\/#\/schema\/person\/6e1883f1d8fb5232a798770599ae1b53\",\"name\":\"Alicia Almagro\",\"url\":\"https:\/\/www.ikostech.es\/cue\/author\/aliciaalmagro\/\"}]}<\/script>\n<!-- \/ Yoast SEO plugin. -->","yoast_head_json":{"title":"Plagas y enfermedades f\u00fangicas en invierno","description":"Plagas y enfermedades f\u00fangicas en invierno aumentan con la humedad y la mala ventilaci\u00f3n. Aprende c\u00f3mo prevenir riesgos en cultivo protegido y exterior.","robots":{"index":"index","follow":"follow","max-snippet":"max-snippet:-1","max-image-preview":"max-image-preview:large","max-video-preview":"max-video-preview:-1"},"canonical":"https:\/\/www.ikostech.es\/cue\/plagas-y-enfermedades-fungicas-en-invierno\/","og_locale":"es_ES","og_type":"article","og_title":"Plagas y enfermedades f\u00fangicas en invierno","og_description":"Plagas y enfermedades f\u00fangicas en invierno aumentan con la humedad y la mala ventilaci\u00f3n. Aprende c\u00f3mo prevenir riesgos en cultivo protegido y exterior.","og_url":"https:\/\/www.ikostech.es\/cue\/plagas-y-enfermedades-fungicas-en-invierno\/","og_site_name":"Ikos Advanced","article_publisher":"https:\/\/www.facebook.com\/ikostech","article_published_time":"2025-09-25T09:15:43+00:00","article_modified_time":"2026-02-23T09:22:20+00:00","og_image":[{"width":1200,"height":800,"url":"https:\/\/www.ikostech.es\/cue\/wp-content\/uploads\/2025\/09\/plagas-hongos-invierno-invernadero-humedad.webp","type":"image\/webp"}],"author":"Alicia Almagro","twitter_card":"summary_large_image","twitter_creator":"@ikos_tech","twitter_site":"@ikos_tech","twitter_misc":{"Escrito por":"Alicia Almagro","Tiempo de lectura":"23 minutos"},"schema":{"@context":"https:\/\/schema.org","@graph":[{"@type":"Article","@id":"https:\/\/www.ikostech.es\/cue\/plagas-y-enfermedades-fungicas-en-invierno\/#article","isPartOf":{"@id":"https:\/\/www.ikostech.es\/cue\/plagas-y-enfermedades-fungicas-en-invierno\/"},"author":{"name":"Alicia Almagro","@id":"https:\/\/www.ikostech.es\/cue\/#\/schema\/person\/6e1883f1d8fb5232a798770599ae1b53"},"headline":"Plagas y enfermedades f\u00fangicas en invierno: exterior e invernadero","datePublished":"2025-09-25T09:15:43+00:00","dateModified":"2026-02-23T09:22:20+00:00","mainEntityOfPage":{"@id":"https:\/\/www.ikostech.es\/cue\/plagas-y-enfermedades-fungicas-en-invierno\/"},"wordCount":2216,"publisher":{"@id":"https:\/\/www.ikostech.es\/cue\/#organization"},"image":{"@id":"https:\/\/www.ikostech.es\/cue\/plagas-y-enfermedades-fungicas-en-invierno\/#primaryimage"},"thumbnailUrl":"https:\/\/www.ikostech.es\/cue\/wp-content\/uploads\/2025\/09\/plagas-hongos-invierno-invernadero-humedad.webp","keywords":["agricultura","control de humedad en invernadero","cultivos","enfermedades f\u00fangicas en invernadero","hongos en cultivos","hongos en invierno agricultura","humedad en invernadero","oto\u00f1o invierno","plagas en invierno"],"articleSection":["Agro"],"inLanguage":"es"},{"@type":"WebPage","@id":"https:\/\/www.ikostech.es\/cue\/plagas-y-enfermedades-fungicas-en-invierno\/","url":"https:\/\/www.ikostech.es\/cue\/plagas-y-enfermedades-fungicas-en-invierno\/","name":"Plagas y enfermedades f\u00fangicas en invierno","isPartOf":{"@id":"https:\/\/www.ikostech.es\/cue\/#website"},"primaryImageOfPage":{"@id":"https:\/\/www.ikostech.es\/cue\/plagas-y-enfermedades-fungicas-en-invierno\/#primaryimage"},"image":{"@id":"https:\/\/www.ikostech.es\/cue\/plagas-y-enfermedades-fungicas-en-invierno\/#primaryimage"},"thumbnailUrl":"https:\/\/www.ikostech.es\/cue\/wp-content\/uploads\/2025\/09\/plagas-hongos-invierno-invernadero-humedad.webp","datePublished":"2025-09-25T09:15:43+00:00","dateModified":"2026-02-23T09:22:20+00:00","description":"Plagas y enfermedades f\u00fangicas en invierno aumentan con la humedad y la mala ventilaci\u00f3n. Aprende c\u00f3mo prevenir riesgos en cultivo protegido y exterior.","breadcrumb":{"@id":"https:\/\/www.ikostech.es\/cue\/plagas-y-enfermedades-fungicas-en-invierno\/#breadcrumb"},"inLanguage":"es","potentialAction":[{"@type":"ReadAction","target":["https:\/\/www.ikostech.es\/cue\/plagas-y-enfermedades-fungicas-en-invierno\/"]}]},{"@type":"ImageObject","inLanguage":"es","@id":"https:\/\/www.ikostech.es\/cue\/plagas-y-enfermedades-fungicas-en-invierno\/#primaryimage","url":"https:\/\/www.ikostech.es\/cue\/wp-content\/uploads\/2025\/09\/plagas-hongos-invierno-invernadero-humedad.webp","contentUrl":"https:\/\/www.ikostech.es\/cue\/wp-content\/uploads\/2025\/09\/plagas-hongos-invierno-invernadero-humedad.webp","width":1200,"height":800,"caption":"La alta humedad y la condensaci\u00f3n favorecen enfermedades f\u00fangicas en invierno."},{"@type":"BreadcrumbList","@id":"https:\/\/www.ikostech.es\/cue\/plagas-y-enfermedades-fungicas-en-invierno\/#breadcrumb","itemListElement":[{"@type":"ListItem","position":1,"name":"Portada","item":"https:\/\/www.ikostech.es\/cue\/"},{"@type":"ListItem","position":2,"name":"Plagas y enfermedades f\u00fangicas en invierno: exterior e invernadero"}]},{"@type":"WebSite","@id":"https:\/\/www.ikostech.es\/cue\/#website","url":"https:\/\/www.ikostech.es\/cue\/","name":"Ikos Advanced","description":"Monitorizacion de cultivos","publisher":{"@id":"https:\/\/www.ikostech.es\/cue\/#organization"},"potentialAction":[{"@type":"SearchAction","target":{"@type":"EntryPoint","urlTemplate":"https:\/\/www.ikostech.es\/cue\/?s={search_term_string}"},"query-input":{"@type":"PropertyValueSpecification","valueRequired":true,"valueName":"search_term_string"}}],"inLanguage":"es"},{"@type":"Organization","@id":"https:\/\/www.ikostech.es\/cue\/#organization","name":"Ikos Advanced","url":"https:\/\/www.ikostech.es\/cue\/","logo":{"@type":"ImageObject","inLanguage":"es","@id":"https:\/\/www.ikostech.es\/cue\/#\/schema\/logo\/image\/","url":"https:\/\/www.ikostech.es\/cue\/wp-content\/uploads\/2023\/03\/logo-imagen-destacada.jpeg","contentUrl":"https:\/\/www.ikostech.es\/cue\/wp-content\/uploads\/2023\/03\/logo-imagen-destacada.jpeg","width":480,"height":480,"caption":"Ikos Advanced"},"image":{"@id":"https:\/\/www.ikostech.es\/cue\/#\/schema\/logo\/image\/"},"sameAs":["https:\/\/www.facebook.com\/ikostech","https:\/\/x.com\/ikos_tech","https:\/\/www.instagram.com\/ikos_tech\/","https:\/\/es.linkedin.com\/company\/ikos-tech"]},{"@type":"Person","@id":"https:\/\/www.ikostech.es\/cue\/#\/schema\/person\/6e1883f1d8fb5232a798770599ae1b53","name":"Alicia Almagro","url":"https:\/\/www.ikostech.es\/cue\/author\/aliciaalmagro\/"}]}},"_links":{"self":[{"href":"https:\/\/www.ikostech.es\/cue\/wp-json\/wp\/v2\/posts\/6095","targetHints":{"allow":["GET"]}}],"collection":[{"href":"https:\/\/www.ikostech.es\/cue\/wp-json\/wp\/v2\/posts"}],"about":[{"href":"https:\/\/www.ikostech.es\/cue\/wp-json\/wp\/v2\/types\/post"}],"author":[{"embeddable":true,"href":"https:\/\/www.ikostech.es\/cue\/wp-json\/wp\/v2\/users\/2"}],"replies":[{"embeddable":true,"href":"https:\/\/www.ikostech.es\/cue\/wp-json\/wp\/v2\/comments?post=6095"}],"version-history":[{"count":10,"href":"https:\/\/www.ikostech.es\/cue\/wp-json\/wp\/v2\/posts\/6095\/revisions"}],"predecessor-version":[{"id":6158,"href":"https:\/\/www.ikostech.es\/cue\/wp-json\/wp\/v2\/posts\/6095\/revisions\/6158"}],"wp:featuredmedia":[{"embeddable":true,"href":"https:\/\/www.ikostech.es\/cue\/wp-json\/wp\/v2\/media\/6878"}],"wp:attachment":[{"href":"https:\/\/www.ikostech.es\/cue\/wp-json\/wp\/v2\/media?parent=6095"}],"wp:term":[{"taxonomy":"category","embeddable":true,"href":"https:\/\/www.ikostech.es\/cue\/wp-json\/wp\/v2\/categories?post=6095"},{"taxonomy":"post_tag","embeddable":true,"href":"https:\/\/www.ikostech.es\/cue\/wp-json\/wp\/v2\/tags?post=6095"}],"curies":[{"name":"wp","href":"https:\/\/api.w.org\/{rel}","templated":true}]}}