{"id":6666,"date":"2025-11-19T13:36:40","date_gmt":"2025-11-19T12:36:40","guid":{"rendered":"https:\/\/www.ikostech.es\/cue\/?p=6666"},"modified":"2026-02-23T10:23:28","modified_gmt":"2026-02-23T09:23:28","slug":"ventilacion-epocas-frias-invernadero","status":"publish","type":"post","link":"https:\/\/www.ikostech.es\/cue\/ventilacion-epocas-frias-invernadero\/","title":{"rendered":"Ventilaci\u00f3n en \u00e9pocas fr\u00edas: renovar aire sin perder calor en el invernadero"},"content":{"rendered":"\n<h1 class=\"wp-block-heading has-text-align-left\"><strong><strong>HR, DPV y luz: cu\u00e1ndo abrir y por d\u00f3nde sin perder calor \u2744\ufe0f<\/strong><\/strong><\/h1>\n\n\n\n<div style=\"height:60px\" aria-hidden=\"true\" class=\"wp-block-spacer\"><\/div>\n\n\n\n<p>En invierno no buscamos \u201cenfriar\u201d el invernadero; buscamos quitar humedad sin regalar la temperatura que tanto cuesta mantener. Sin embargo, si lo cerramos todo para guardar el calor, el aire se satura, aparece roc\u00edo en la estructura y el cultivo queda expuesto a pat\u00f3genos que adoran ese microclima pegajoso.<\/p>\n\n\n\n<p>Por tanto, la ventilaci\u00f3n en \u00e9pocas fr\u00edas en invernadero no consiste en abrir mucho, sino en abrir bien: en el momento oportuno, con las ventanas correctas y solo lo necesario para que el ambiente vuelva a respirar.<\/p>\n\n\n\n<hr class=\"wp-block-separator has-alpha-channel-opacity\"\/>\n\n\n\n<h2 class=\"wp-block-heading\">El clima tiene la \u00faltima palabra: checklist previo \u2714\ufe0f<\/h2>\n\n\n\n<div style=\"height:40px\" aria-hidden=\"true\" class=\"wp-block-spacer\"><\/div>\n\n\n\n<p>Imagina la escena a primera hora: fuera hace fresco, dentro el invernadero ha acumulado humedad durante la noche. \u00bfQu\u00e9 nos interesa saber? Tres se\u00f1ales:<\/p>\n\n\n\n<h3 class=\"wp-block-heading\">1) Humedad relativa (HR) y DPV<\/h3>\n\n\n\n<p>La HR indica cu\u00e1nta agua contiene el aire; el DPV muestra si ese aire admite m\u00e1s humedad sin condensar. Cuando se combinan HR alta y DPV bajo, estamos cerca del punto de roc\u00edo. En consecuencia, el cultivo transpira peor y aumenta el riesgo de condensaci\u00f3n.<\/p>\n\n\n\n<h3 class=\"wp-block-heading\">2) Radiaci\u00f3n\/luz<\/h3>\n\n\n\n<p>Un poco de radiaci\u00f3n cambia el contexto t\u00e9rmico del invernadero. Cuando la luz empieza a levantar, el cultivo y el aire interior amortiguan mejor cualquier intercambio de aire. Si la radiaci\u00f3n sube pero la HR no desciende por s\u00ed sola, es s\u00edntoma de un volumen interior saturado.<\/p>\n\n\n\n<h3 class=\"wp-block-heading\">3) Viento y lluvia<\/h3>\n\n\n\n<p>En fr\u00edo, el viento no es un n\u00famero: son rachas y direcci\u00f3n. Las rachas pueden convertir una situaci\u00f3n estable en corriente helada al nivel de cultivo; la lluvia a\u00f1ade humedad al entorno y moja pl\u00e1sticos y perimetrales. Con racha marcada o precipitaci\u00f3n, el contexto es desfavorable para exponer el cultivo a entradas directas de aire.<\/p>\n\n\n\n<p><strong>Con las estaciones meteo de IKOS controlas HR, DPV, radiaci\u00f3n, viento y lluvia en tiempo real.<\/strong><\/p>\n\n\n\n<hr class=\"wp-block-separator has-alpha-channel-opacity\"\/>\n\n\n\n<h2 class=\"wp-block-heading\">Por d\u00f3nde abre un invernadero sin quedarse fr\u00edo<\/h2>\n\n\n\n<div style=\"height:40px\" aria-hidden=\"true\" class=\"wp-block-spacer\"><\/div>\n\n\n\n<p>No todas las aperturas tienen el mismo impacto t\u00e9rmico.<\/p>\n\n\n\n<h3 class=\"wp-block-heading\">\ud83d\udd39 Cenital<\/h3>\n\n\n\n<p>Es la opci\u00f3n m\u00e1s eficiente en d\u00edas fr\u00edos. El aire c\u00e1lido y h\u00famedo se acumula arriba; al extraerlo por el techo evitamos corrientes a nivel de cultivo. Se abre poco, se observa la respuesta de HR y DPV, y se ajusta.<\/p>\n\n\n\n<hr class=\"wp-block-separator has-alpha-channel-opacity\"\/>\n\n\n\n<h3 class=\"wp-block-heading\">\ud83d\udd39 Lateral<\/h3>\n\n\n\n<p>Permite cruzar aire, pero exige control. Si hay viento de cara, puede convertirse en un chorro fr\u00edo directo. Por eso, en ventilaci\u00f3n en \u00e9pocas fr\u00edas en invernadero el lateral debe usarse equilibrado y con medida.<\/p>\n\n\n\n<hr class=\"wp-block-separator has-alpha-channel-opacity\"\/>\n\n\n\n<h3 class=\"wp-block-heading\">\ud83d\udd39 Recirculaci\u00f3n interior<\/h3>\n\n\n\n<p>Mezclar capas reduce estratificaci\u00f3n y ofrece lecturas m\u00e1s fiables. Adem\u00e1s, evita que una \u201cburbuja templada\u201d enga\u00f1e a los sensores.<\/p>\n\n\n\n<hr class=\"wp-block-separator has-alpha-channel-opacity\"\/>\n\n\n\n<h2 class=\"wp-block-heading\">Cu\u00e1ndo abrir y cu\u00e1nto: la coreograf\u00eda del d\u00eda fr\u00edo<\/h2>\n\n\n\n<div style=\"height:40px\" aria-hidden=\"true\" class=\"wp-block-spacer\"><\/div>\n\n\n\n<p>La ventilaci\u00f3n en fr\u00edo se parece m\u00e1s a una coreograf\u00eda que a una orden de \u201cabrir y ya\u201d. No hablamos de grandes aperturas; hablamos de aperturas breves y medidas en el momento en que el clima nos favorece.<\/p>\n\n\n\n<p><strong>Un ejemplo t\u00edpico:<\/strong><\/p>\n\n\n\n<ul class=\"wp-block-list\">\n<li><strong>A primera hora<\/strong>, el invernadero amanece con HR alta. No abrimos todav\u00eda si fuera el aire corta como cuchillo y dentro no hay luz.<\/li>\n\n\n\n<li><strong>Cuando la radiaci\u00f3n empieza a levantar<\/strong>, abrimos <strong>cenital<\/strong> con moderaci\u00f3n. Observamos c\u00f3mo responden HR y DPV. Si descienden r\u00e1pido, cerramos y dejamos que el volumen de aire recupere temperatura.<\/li>\n\n\n\n<li>Si la mejora es t\u00edmida, <strong>mantenemos un poco m\u00e1s<\/strong> o <strong>sumamos un toque de lateral<\/strong> (equilibrado), siempre respetando el viento.<\/li>\n\n\n\n<li>A lo largo de la ma\u00f1ana puede hacer falta <strong>repetir la jugada<\/strong>. No por rutina, sino porque el clima lo pide: si la HR vuelve a subir y el DPV cae, es se\u00f1al de que queda humedad por evacuar.<\/li>\n<\/ul>\n\n\n\n<p>La sensaci\u00f3n es muy clara cuando se hace bien: desaparecen las gotas en perfiles y pl\u00e1sticos, el follaje se seca antes y el invernadero deja de \u201coler a humedad\u201d. Y lo m\u00e1s importante, la temperatura no se hunde porque no hemos abierto de forma prolongada ni en mal momento.<\/p>\n\n\n\n<hr class=\"wp-block-separator has-alpha-channel-opacity\"\/>\n\n\n\n<h2 class=\"wp-block-heading\">C\u00f3mo se nota que la maniobra fue buena (y cu\u00e1ndo no)<\/h2>\n\n\n\n<div style=\"height:40px\" aria-hidden=\"true\" class=\"wp-block-spacer\"><\/div>\n\n\n\n<p>Una ventilaci\u00f3n bien hecha se reconoce r\u00e1pido, incluso antes de mirar n\u00fameros. El invernadero cambia de \u201cambiente pesado\u201d a aire m\u00e1s ligero sin que la temperatura se hunda.<\/p>\n\n\n\n<p><strong>Condensaci\u00f3n en estructura.<\/strong><br>Pasa de gotas visibles a pel\u00edcula fina o seca en perfiles y pl\u00e1sticos en pocos minutos. Si siguen las gotas colgando, el ambiente sigue saturado.<\/p>\n\n\n\n<p><strong>Follaje y pasillos.<\/strong><br>Las hojas pierden brillo h\u00famedo y el pasillo deja de oler a cerrado. Si aparece sensaci\u00f3n de corriente a ras de planta, el intercambio fue agresivo.<\/p>\n\n\n\n<p><strong>Lecturas de HR\/DPV.<\/strong><br>La HR baja de forma sostenida y el DPV sale de la \u201czona ahogada\u201d. Si la HR rebota enseguida y el DPV no levanta, falt\u00f3 renovaci\u00f3n o el momento no acompa\u00f1aba.<\/p>\n\n\n\n<p><strong>Uniformidad t\u00e9rmica.<\/strong><br>Menos diferencia entre techo y nivel de cultivo. Si arriba marca templado y abajo se siente fr\u00edo, hay estratificaci\u00f3n y la maniobra no la corrigi\u00f3.<\/p>\n\n\n\n<p><strong>Estabilidad despu\u00e9s.<\/strong><br>Tras cerrar, el volumen recupera temperatura sin que vuelva el olor h\u00famedo ni el empa\u00f1ado. Si la sensaci\u00f3n pesada regresa en minutos, el invernadero no qued\u00f3 \u201cdesatascado\u201d.<\/p>\n\n\n\n<hr class=\"wp-block-separator has-alpha-channel-opacity\"\/>\n\n\n\n<h2 class=\"wp-block-heading\">Enfermedades, confort y energ\u00eda: el equilibrio que buscamos<\/h2>\n\n\n\n<div style=\"height:40px\" aria-hidden=\"true\" class=\"wp-block-spacer\"><\/div>\n\n\n\n<p>Cuando la ventilaci\u00f3n en fr\u00edo se hace \u201ca ojo\u201d, es f\u00e1cil caer en dos extremos: abrir de menos (el invernadero gotea por dentro y suben botritis y compa\u00f1\u00eda) o abrir de m\u00e1s (perdemos grados que luego echamos en falta todo el d\u00eda). Trabajando con clima, el ambiente se estabiliza y se nota en tres frentes:<\/p>\n\n\n\n<p><strong>Sanidad del cultivo.<\/strong><br>El follaje amanece mojado\u2026 y a media ma\u00f1ana est\u00e1 seco. Menos pel\u00edcula de agua, menos puertas abiertas a pat\u00f3genos.<\/p>\n\n\n\n<p><strong>Confort y uniformidad.<\/strong><br>La temperatura deja de dar bandazos; arriba y abajo se parecen m\u00e1s, y el invernadero pierde ese \u201color a cerrado\u201d que delata saturaci\u00f3n.<\/p>\n\n\n\n<p><strong>Uso sensato de la energ\u00eda.<\/strong><br>La renovaci\u00f3n es la m\u00ednima eficaz: lo justo para quitar humedad sin vaciar calor, especialmente en tardes fr\u00edas donde cada grado cuenta.<\/p>\n\n\n\n<p>Ese es el objetivo: aire nuevo sin nevera, cultivo m\u00e1s sano y un invernadero que trabaja estable en d\u00edas fr\u00edos.<\/p>\n\n\n\n<hr class=\"wp-block-separator has-alpha-channel-opacity\"\/>\n\n\n\n<h2 class=\"wp-block-heading\">Errores que enfr\u00edan sin querer (y por qu\u00e9 pasan)<\/h2>\n\n\n\n<div style=\"height:40px\" aria-hidden=\"true\" class=\"wp-block-spacer\"><\/div>\n\n\n\n<p>Hay d\u00edas fr\u00edos en los que \u201cventilamos\u201d y, sin saber c\u00f3mo, el invernadero se queda helado. No es azar: suele haber una causa clara.<\/p>\n\n\n\n<p><strong>Amanecer gris y sin luz.<\/strong><br>Con cielo plano, el interior no amortigua. Entras aire fr\u00edo y apenas reduces humedad: pierdes grados y sigues pesado.<\/p>\n\n\n\n<p><strong>Lateral con viento de cara.<\/strong><br>El cruce se convierte en un chorro directo a nivel de planta. Se seca estructura, se enfr\u00eda cultivo.<\/p>\n\n\n\n<p><strong>Abrir por costumbre.<\/strong><br>\u201cEl de las nueve\u201d aunque el clima no lo pida. Si HR ya cede o el DPV est\u00e1 en rango, esa apertura gratuita es calor que no vuelve.<\/p>\n\n\n\n<p><strong>Mantener demasiado una apertura que iba bien.<\/strong><br>Al principio alivia; despu\u00e9s empieza a vaciar calor. Falta ese momento de cerrar y dejar que el volumen se recomonga.<\/p>\n\n\n\n<p><strong>Creer a una sola sonda.<\/strong><br>Techo templado y hojas fr\u00edas = estratificaci\u00f3n. Si miras un punto \u201coptimista\u201d, decides mal.<\/p>\n\n\n\n<p><strong>Fugas invisibles.<\/strong><br>Juntas cansadas, lonas flojas o pa\u00f1os abiertos crean una \u201cventana permanente\u201d que estropea cualquier maniobra.<\/p>\n\n\n\n<hr class=\"wp-block-separator has-alpha-channel-opacity\"\/>\n\n\n\n<h2 class=\"wp-block-heading\">Del dato a la acci\u00f3n: c\u00f3mo opera IKOS en d\u00edas fr\u00edos<\/h2>\n\n\n\n<div style=\"height:40px\" aria-hidden=\"true\" class=\"wp-block-spacer\"><\/div>\n\n\n\n<p>Con las estaciones meteo y sensores de IKOS tienes en tiempo real las variables que importan y el contexto para interpretarlas; sobre esas lecturas, IKOS Connect ejecuta lo que hayas definido en tus programas de clima para campa\u00f1a fr\u00eda (de forma suave, con l\u00edmites y prioridades).<\/p>\n\n\n\n<h3 class=\"wp-block-heading\">Lo que se ve (y por qu\u00e9 importa)<\/h3>\n\n\n\n<p><strong>HR y DPV \u2014 el estado del aire.<\/strong><br>La humedad relativa indica cu\u00e1nta agua lleva el aire; el DPV (d\u00e9ficit de presi\u00f3n de vapor) se\u00f1ala si ese aire admite m\u00e1s sin condensar. Vi\u00e9ndolos juntos entiendes por qu\u00e9 a veces el invernadero \u201cse pega\u201d aunque el term\u00f3metro marque bien y sabes cu\u00e1ndo conviene renovar sin tirar grados.<\/p>\n\n\n\n<p><strong>Radiaci\u00f3n (luz) \u2014 el amortiguador natural.<\/strong><br>La curva de primeras horas te dice cu\u00e1ndo el interior puede soportar mejor un intercambio. Ese peque\u00f1o despegue de radiaci\u00f3n es la pista de momento favorable.<\/p>\n\n\n\n<p><strong>Viento \u2014 racha y direcci\u00f3n.<\/strong><br>No vale solo la media. La racha anticipa golpes de aire y la direcci\u00f3n te dice qu\u00e9 lateral ser\u00eda cr\u00edtico. Con el anem\u00f3metro ves al instante si el exterior acompa\u00f1a o exige prudencia.<\/p>\n\n\n\n<p><strong>Lluvia y entorno h\u00famedo.<\/strong><br>Detectar precipitaci\u00f3n y superficies mojadas alrededor explica por qu\u00e9 un intercambio rinde menos o puede traer humedad de vuelta.<\/p>\n\n\n\n<p><strong>Uniformidad y lecturas honestas.<\/strong><br>Con recirculaci\u00f3n y sondas bien ubicadas, lo que aparece en pantalla se parece a lo que \u201csienten\u201d las plantas: menos diferencia entre techo y nivel de cultivo y decisiones m\u00e1s fiables.<\/p>\n\n\n\n<p><strong>De d\u00f3nde salen las se\u00f1ales.<\/strong><br>Las lecturas exteriores llegan de IKOS Meteo (viento con racha\/direcci\u00f3n, lluvia, radiaci\u00f3n) y se combinan con los sensores interiores (HR\/DPV, temperatura, PAR) para tener una foto completa del clima.<\/p>\n\n\n\n<h3 class=\"wp-block-heading\">C\u00f3mo se traduce en maniobras (lo que puedes hacer con IKOS)<\/h3>\n\n\n\n<p><strong>Ventanas.<\/strong><br>La cenital lleva la voz cantante en d\u00edas fr\u00edos: extrae arriba el aire m\u00e1s c\u00e1lido y h\u00famedo con el menor impacto t\u00e9rmico a nivel de cultivo. El lateral entra solo cuando procede y equilibrado, pensado para cruzar aire sin chorros fr\u00edos. Estas prioridades y recorridos se aplican seg\u00fan lo que definas en tus programas (umbrales de HR\/DPV, franjas, l\u00edmites por viento\/lluvia).<\/p>\n\n\n\n<p><strong>Pantallas de sombreo.<\/strong><br>En ma\u00f1anas claras, la pantalla puede acompa\u00f1ar la ventilaci\u00f3n para conservar grados durante el intercambio; su uso se integra en el mismo esquema de clima que gobierna las ventanas.<\/p>\n\n\n\n<p><strong>Nebulizaci\u00f3n.<\/strong><br>No se aparca en invierno. Adem\u00e1s de su papel cl\u00e1sico en enfriamiento, la nebulizaci\u00f3n es clave en antihelada: genera una niebla fina que eleva el punto de roc\u00edo y amortigua descensos bruscos cerca del tejido vegetal. Se coordina con el resto para proteger sin convertir el invernadero en una nevera.<\/p>\n\n\n\n<h3 class=\"wp-block-heading\">C\u00f3mo se gobierna (prioridades, seguridad y trazabilidad)<\/h3>\n\n\n\n<p><strong>Zonas y prioridades.<\/strong><br>No todas las naves hacen lo mismo ni al mismo tiempo: se trabaja por sectores con comportamientos acordes a su arquitectura y exposici\u00f3n (cenital primero; lateral cuando conviene; recirculaci\u00f3n para mezclar).<\/p>\n\n\n\n<p><strong>L\u00edmites de seguridad.<\/strong><br>Viento y lluvia act\u00faan como guardarra\u00edl tal y como est\u00e9n definidos: ante rachas o precipitaci\u00f3n, se limita recorrido, se prioriza techo o se pausa la maniobra.<\/p>\n\n\n\n<p><strong>Ejecuci\u00f3n y confirmaci\u00f3n.<\/strong><br>Las maniobras se ordenan desde <strong>IKOS Connect<\/strong> seg\u00fan tus programas. <strong>IKOS Controller<\/strong> hace de pasarela con campo: gestiona la comunicaci\u00f3n con sensores y equipos, <strong>recoge el retorno de estado\/posici\u00f3n<\/strong> y lo deja <strong>trazado<\/strong> en la app. Si hay discrepancias o un l\u00edmite est\u00e1 activo, <strong>salta la alerta<\/strong> y se respetan las seguridades.<\/p>\n\n\n\n<p><strong>Hist\u00f3rico.<\/strong><br>Cada apertura, cierre o apoyo de recirculaci\u00f3n queda trazado junto a las lecturas que lo motivaron; afinar es cuesti\u00f3n de datos, no de ensayo-error.<\/p>\n\n\n\n<p><strong>La idea es esta:<\/strong> ves el clima con detalle (HR, DPV, radiaci\u00f3n, viento y lluvia) y <strong>Connect aplica lo previsto<\/strong> en tus programas con suavidad. Resultado: aire nuevo, hojas secas, temperatura estable y protecci\u00f3n antihelada cuando toca\u2014sin vaciar grados.<\/p>\n\n\n\n<hr class=\"wp-block-separator has-alpha-channel-opacity\"\/>\n\n\n\n<h2 class=\"wp-block-heading\">Clima bien le\u00eddo, cultivo a salvo<\/h2>\n\n\n\n<div style=\"height:40px\" aria-hidden=\"true\" class=\"wp-block-spacer\"><\/div>\n\n\n\n<p>Ventilar en \u00e9pocas fr\u00edas no es un dogma de \u201cabrir mucho\u201d ni una superstici\u00f3n de \u201cno toques nada\u201d. Es escuchar el clima y mover el aire con elegancia: poco, en el momento adecuado, por el lugar correcto. Con sensores que te digan la verdad y una automatizaci\u00f3n que ejecute sin ocurrencias, el invernadero respira y el calor se queda en casa. Si eso est\u00e1 bien hecho, el resto \u2014sanidad del cultivo, confort de trabajo y consumo energ\u00e9tico sensato\u2014 se coloca solo.<\/p>\n\n\n\n<p>Qu\u00e9date con esta idea simple: <strong>ver \u2192 decidir \u2192 actuar con suavidad<\/strong>. Ver lo que pasa dentro y fuera (HR, DPV, luz, viento y lluvia), decidir si compensa y actuar lo justo para quitar humedad sin vaciar grados. Repite solo cuando el clima lo pida, no por rutina. As\u00ed desaparece la condensaci\u00f3n, el follaje llega seco a media ma\u00f1ana y la temperatura se mantiene estable.<\/p>\n\n\n\n<p>Ma\u00f1ana a primera hora, mira <strong>HR y DPV<\/strong> y, cuando empiece a entrar luz, haz una <strong>apertura breve por el cenital<\/strong>. Si <strong>IKOS<\/strong> est\u00e1 configurado, deja que aplique lo previsto; si no, ver\u00e1s igual la diferencia: <strong>menos roc\u00edo<\/strong>, <strong>hojas m\u00e1s secas<\/strong> y <strong>los grados donde deben estar<\/strong>. No hay truco: solo clima bien le\u00eddo y un invernadero que hace exactamente lo que necesita.<\/p>\n\n\n\n<div style=\"height:47px\" aria-hidden=\"true\" class=\"wp-block-spacer\"><\/div>\n\n\n\n<div class=\"wp-block-buttons is-content-justification-center is-layout-flex wp-container-core-buttons-is-layout-a89b3969 wp-block-buttons-is-layout-flex\">\n<div class=\"wp-block-button\"><a class=\"wp-block-button__link has-text-align-center wp-element-button\" href=\"https:\/\/ikosadvancedcrm.activehosted.com\/f\/144\" target=\"_blank\" rel=\"noreferrer noopener\"><strong><strong>Solicitar m\u00e1s informaci\u00f3n<\/strong><\/strong><\/a><\/div>\n<\/div>\n","protected":false},"excerpt":{"rendered":"<p>HR, DPV y luz: cu\u00e1ndo abrir y por d\u00f3nde sin perder calor \u2744\ufe0f En invierno no buscamos \u201cenfriar\u201d el invernadero; buscamos quitar humedad sin regalar la temperatura que tanto cuesta mantener. Sin embargo, si lo cerramos todo para guardar el calor, el aire se satura, aparece roc\u00edo en la estructura y el cultivo queda expuesto [&hellip;]<\/p>\n","protected":false},"author":2,"featured_media":6870,"comment_status":"closed","ping_status":"open","sticky":false,"template":"","format":"standard","meta":{"site-sidebar-layout":"default","site-content-layout":"","ast-site-content-layout":"default","site-content-style":"default","site-sidebar-style":"default","ast-global-header-display":"","ast-banner-title-visibility":"","ast-main-header-display":"","ast-hfb-above-header-display":"","ast-hfb-below-header-display":"","ast-hfb-mobile-header-display":"","site-post-title":"","ast-breadcrumbs-content":"","ast-featured-img":"","footer-sml-layout":"","theme-transparent-header-meta":"","adv-header-id-meta":"","stick-header-meta":"","header-above-stick-meta":"","header-main-stick-meta":"","header-below-stick-meta":"","astra-migrate-meta-layouts":"set","ast-page-background-enabled":"default","ast-page-background-meta":{"desktop":{"background-color":"var(--ast-global-color-4)","background-image":"","background-repeat":"repeat","background-position":"center center","background-size":"auto","background-attachment":"scroll","background-type":"","background-media":"","overlay-type":"","overlay-color":"","overlay-opacity":"","overlay-gradient":""},"tablet":{"background-color":"","background-image":"","background-repeat":"repeat","background-position":"center center","background-size":"auto","background-attachment":"scroll","background-type":"","background-media":"","overlay-type":"","overlay-color":"","overlay-opacity":"","overlay-gradient":""},"mobile":{"background-color":"","background-image":"","background-repeat":"repeat","background-position":"center center","background-size":"auto","background-attachment":"scroll","background-type":"","background-media":"","overlay-type":"","overlay-color":"","overlay-opacity":"","overlay-gradient":""}},"ast-content-background-meta":{"desktop":{"background-color":"var(--ast-global-color-5)","background-image":"","background-repeat":"repeat","background-position":"center center","background-size":"auto","background-attachment":"scroll","background-type":"","background-media":"","overlay-type":"","overlay-color":"","overlay-opacity":"","overlay-gradient":""},"tablet":{"background-color":"var(--ast-global-color-5)","background-image":"","background-repeat":"repeat","background-position":"center center","background-size":"auto","background-attachment":"scroll","background-type":"","background-media":"","overlay-type":"","overlay-color":"","overlay-opacity":"","overlay-gradient":""},"mobile":{"background-color":"var(--ast-global-color-5)","background-image":"","background-repeat":"repeat","background-position":"center center","background-size":"auto","background-attachment":"scroll","background-type":"","background-media":"","overlay-type":"","overlay-color":"","overlay-opacity":"","overlay-gradient":""}},"footnotes":""},"categories":[19],"tags":[94,114,92,110,112,80,108,49,106],"class_list":["post-6666","post","type-post","status-publish","format-standard","has-post-thumbnail","hentry","category-agro","tag-agricultura","tag-control-de-humedad-relativa","tag-cultivos","tag-deficit-de-presion-de-vapor","tag-dpv","tag-monitoreo-ambiental","tag-punto-de-rocio","tag-temperatura","tag-ventilacion-en-invierno"],"yoast_head":"<!-- This site is optimized with the Yoast SEO plugin v26.6 - https:\/\/yoast.com\/wordpress\/plugins\/seo\/ -->\n<title>Ventilaci\u00f3n en \u00e9pocas fr\u00edas en invernadero sin perder calor<\/title>\n<meta name=\"description\" content=\"Aprende c\u00f3mo aplicar ventilaci\u00f3n en \u00e9pocas fr\u00edas en invernadero sin perder calor y mantener un clima estable que proteja el cultivo.\" \/>\n<meta name=\"robots\" content=\"index, follow, max-snippet:-1, max-image-preview:large, max-video-preview:-1\" \/>\n<link rel=\"canonical\" href=\"https:\/\/www.ikostech.es\/cue\/ventilacion-epocas-frias-invernadero\/\" \/>\n<meta property=\"og:locale\" content=\"es_ES\" \/>\n<meta property=\"og:type\" content=\"article\" \/>\n<meta property=\"og:title\" content=\"Ventilaci\u00f3n en \u00e9pocas fr\u00edas en invernadero sin perder calor\" \/>\n<meta property=\"og:description\" content=\"Aprende c\u00f3mo aplicar ventilaci\u00f3n en \u00e9pocas fr\u00edas en invernadero sin perder calor y mantener un clima estable que proteja el cultivo.\" \/>\n<meta property=\"og:url\" content=\"https:\/\/www.ikostech.es\/cue\/ventilacion-epocas-frias-invernadero\/\" \/>\n<meta property=\"og:site_name\" content=\"Ikos Advanced\" \/>\n<meta property=\"article:publisher\" content=\"https:\/\/www.facebook.com\/ikostech\" \/>\n<meta property=\"article:published_time\" content=\"2025-11-19T12:36:40+00:00\" \/>\n<meta property=\"article:modified_time\" content=\"2026-02-23T09:23:28+00:00\" \/>\n<meta property=\"og:image\" content=\"https:\/\/www.ikostech.es\/cue\/wp-content\/uploads\/2025\/11\/ventilacion-epocas-frias-invernadero.webp\" \/>\n\t<meta property=\"og:image:width\" content=\"1200\" \/>\n\t<meta property=\"og:image:height\" content=\"800\" \/>\n\t<meta property=\"og:image:type\" content=\"image\/webp\" \/>\n<meta name=\"author\" content=\"Alicia Almagro\" \/>\n<meta name=\"twitter:card\" content=\"summary_large_image\" \/>\n<meta name=\"twitter:creator\" content=\"@ikos_tech\" \/>\n<meta name=\"twitter:site\" content=\"@ikos_tech\" \/>\n<meta name=\"twitter:label1\" content=\"Escrito por\" \/>\n\t<meta name=\"twitter:data1\" content=\"Alicia Almagro\" \/>\n\t<meta name=\"twitter:label2\" content=\"Tiempo de lectura\" \/>\n\t<meta name=\"twitter:data2\" content=\"74 minutos\" \/>\n<script type=\"application\/ld+json\" class=\"yoast-schema-graph\">{\"@context\":\"https:\/\/schema.org\",\"@graph\":[{\"@type\":\"Article\",\"@id\":\"https:\/\/www.ikostech.es\/cue\/ventilacion-epocas-frias-invernadero\/#article\",\"isPartOf\":{\"@id\":\"https:\/\/www.ikostech.es\/cue\/ventilacion-epocas-frias-invernadero\/\"},\"author\":{\"name\":\"Alicia Almagro\",\"@id\":\"https:\/\/www.ikostech.es\/cue\/#\/schema\/person\/6e1883f1d8fb5232a798770599ae1b53\"},\"headline\":\"Ventilaci\u00f3n en \u00e9pocas fr\u00edas: renovar aire sin perder calor en el invernadero\",\"datePublished\":\"2025-11-19T12:36:40+00:00\",\"dateModified\":\"2026-02-23T09:23:28+00:00\",\"mainEntityOfPage\":{\"@id\":\"https:\/\/www.ikostech.es\/cue\/ventilacion-epocas-frias-invernadero\/\"},\"wordCount\":2206,\"publisher\":{\"@id\":\"https:\/\/www.ikostech.es\/cue\/#organization\"},\"image\":{\"@id\":\"https:\/\/www.ikostech.es\/cue\/ventilacion-epocas-frias-invernadero\/#primaryimage\"},\"thumbnailUrl\":\"https:\/\/www.ikostech.es\/cue\/wp-content\/uploads\/2025\/11\/ventilacion-epocas-frias-invernadero.webp\",\"keywords\":[\"agricultura\",\"control de humedad relativa\",\"cultivos\",\"d\u00e9ficit de presi\u00f3n de vapor\",\"dpv\",\"monitoreo ambiental\",\"punto de roc\u00edo\",\"Temperatura\",\"ventilaci\u00f3n en invierno\"],\"articleSection\":[\"Agro\"],\"inLanguage\":\"es\"},{\"@type\":\"WebPage\",\"@id\":\"https:\/\/www.ikostech.es\/cue\/ventilacion-epocas-frias-invernadero\/\",\"url\":\"https:\/\/www.ikostech.es\/cue\/ventilacion-epocas-frias-invernadero\/\",\"name\":\"Ventilaci\u00f3n en \u00e9pocas fr\u00edas en invernadero sin perder calor\",\"isPartOf\":{\"@id\":\"https:\/\/www.ikostech.es\/cue\/#website\"},\"primaryImageOfPage\":{\"@id\":\"https:\/\/www.ikostech.es\/cue\/ventilacion-epocas-frias-invernadero\/#primaryimage\"},\"image\":{\"@id\":\"https:\/\/www.ikostech.es\/cue\/ventilacion-epocas-frias-invernadero\/#primaryimage\"},\"thumbnailUrl\":\"https:\/\/www.ikostech.es\/cue\/wp-content\/uploads\/2025\/11\/ventilacion-epocas-frias-invernadero.webp\",\"datePublished\":\"2025-11-19T12:36:40+00:00\",\"dateModified\":\"2026-02-23T09:23:28+00:00\",\"description\":\"Aprende c\u00f3mo aplicar ventilaci\u00f3n en \u00e9pocas fr\u00edas en invernadero sin perder calor y mantener un clima estable que proteja el cultivo.\",\"breadcrumb\":{\"@id\":\"https:\/\/www.ikostech.es\/cue\/ventilacion-epocas-frias-invernadero\/#breadcrumb\"},\"inLanguage\":\"es\",\"potentialAction\":[{\"@type\":\"ReadAction\",\"target\":[\"https:\/\/www.ikostech.es\/cue\/ventilacion-epocas-frias-invernadero\/\"]}]},{\"@type\":\"ImageObject\",\"inLanguage\":\"es\",\"@id\":\"https:\/\/www.ikostech.es\/cue\/ventilacion-epocas-frias-invernadero\/#primaryimage\",\"url\":\"https:\/\/www.ikostech.es\/cue\/wp-content\/uploads\/2025\/11\/ventilacion-epocas-frias-invernadero.webp\",\"contentUrl\":\"https:\/\/www.ikostech.es\/cue\/wp-content\/uploads\/2025\/11\/ventilacion-epocas-frias-invernadero.webp\",\"width\":1200,\"height\":800,\"caption\":\"Gesti\u00f3n de ventilaci\u00f3n en invernadero durante \u00e9pocas fr\u00edas sin p\u00e9rdida de calor interno.\"},{\"@type\":\"BreadcrumbList\",\"@id\":\"https:\/\/www.ikostech.es\/cue\/ventilacion-epocas-frias-invernadero\/#breadcrumb\",\"itemListElement\":[{\"@type\":\"ListItem\",\"position\":1,\"name\":\"Portada\",\"item\":\"https:\/\/www.ikostech.es\/cue\/\"},{\"@type\":\"ListItem\",\"position\":2,\"name\":\"Ventilaci\u00f3n en \u00e9pocas fr\u00edas: renovar aire sin perder calor en el invernadero\"}]},{\"@type\":\"WebSite\",\"@id\":\"https:\/\/www.ikostech.es\/cue\/#website\",\"url\":\"https:\/\/www.ikostech.es\/cue\/\",\"name\":\"Ikos Advanced\",\"description\":\"Monitorizacion de cultivos\",\"publisher\":{\"@id\":\"https:\/\/www.ikostech.es\/cue\/#organization\"},\"potentialAction\":[{\"@type\":\"SearchAction\",\"target\":{\"@type\":\"EntryPoint\",\"urlTemplate\":\"https:\/\/www.ikostech.es\/cue\/?s={search_term_string}\"},\"query-input\":{\"@type\":\"PropertyValueSpecification\",\"valueRequired\":true,\"valueName\":\"search_term_string\"}}],\"inLanguage\":\"es\"},{\"@type\":\"Organization\",\"@id\":\"https:\/\/www.ikostech.es\/cue\/#organization\",\"name\":\"Ikos Advanced\",\"url\":\"https:\/\/www.ikostech.es\/cue\/\",\"logo\":{\"@type\":\"ImageObject\",\"inLanguage\":\"es\",\"@id\":\"https:\/\/www.ikostech.es\/cue\/#\/schema\/logo\/image\/\",\"url\":\"https:\/\/www.ikostech.es\/cue\/wp-content\/uploads\/2023\/03\/logo-imagen-destacada.jpeg\",\"contentUrl\":\"https:\/\/www.ikostech.es\/cue\/wp-content\/uploads\/2023\/03\/logo-imagen-destacada.jpeg\",\"width\":480,\"height\":480,\"caption\":\"Ikos Advanced\"},\"image\":{\"@id\":\"https:\/\/www.ikostech.es\/cue\/#\/schema\/logo\/image\/\"},\"sameAs\":[\"https:\/\/www.facebook.com\/ikostech\",\"https:\/\/x.com\/ikos_tech\",\"https:\/\/www.instagram.com\/ikos_tech\/\",\"https:\/\/es.linkedin.com\/company\/ikos-tech\"]},{\"@type\":\"Person\",\"@id\":\"https:\/\/www.ikostech.es\/cue\/#\/schema\/person\/6e1883f1d8fb5232a798770599ae1b53\",\"name\":\"Alicia Almagro\",\"url\":\"https:\/\/www.ikostech.es\/cue\/author\/aliciaalmagro\/\"}]}<\/script>\n<!-- \/ Yoast SEO plugin. -->","yoast_head_json":{"title":"Ventilaci\u00f3n en \u00e9pocas fr\u00edas en invernadero sin perder calor","description":"Aprende c\u00f3mo aplicar ventilaci\u00f3n en \u00e9pocas fr\u00edas en invernadero sin perder calor y mantener un clima estable que proteja el cultivo.","robots":{"index":"index","follow":"follow","max-snippet":"max-snippet:-1","max-image-preview":"max-image-preview:large","max-video-preview":"max-video-preview:-1"},"canonical":"https:\/\/www.ikostech.es\/cue\/ventilacion-epocas-frias-invernadero\/","og_locale":"es_ES","og_type":"article","og_title":"Ventilaci\u00f3n en \u00e9pocas fr\u00edas en invernadero sin perder calor","og_description":"Aprende c\u00f3mo aplicar ventilaci\u00f3n en \u00e9pocas fr\u00edas en invernadero sin perder calor y mantener un clima estable que proteja el cultivo.","og_url":"https:\/\/www.ikostech.es\/cue\/ventilacion-epocas-frias-invernadero\/","og_site_name":"Ikos Advanced","article_publisher":"https:\/\/www.facebook.com\/ikostech","article_published_time":"2025-11-19T12:36:40+00:00","article_modified_time":"2026-02-23T09:23:28+00:00","og_image":[{"width":1200,"height":800,"url":"https:\/\/www.ikostech.es\/cue\/wp-content\/uploads\/2025\/11\/ventilacion-epocas-frias-invernadero.webp","type":"image\/webp"}],"author":"Alicia Almagro","twitter_card":"summary_large_image","twitter_creator":"@ikos_tech","twitter_site":"@ikos_tech","twitter_misc":{"Escrito por":"Alicia Almagro","Tiempo de lectura":"74 minutos"},"schema":{"@context":"https:\/\/schema.org","@graph":[{"@type":"Article","@id":"https:\/\/www.ikostech.es\/cue\/ventilacion-epocas-frias-invernadero\/#article","isPartOf":{"@id":"https:\/\/www.ikostech.es\/cue\/ventilacion-epocas-frias-invernadero\/"},"author":{"name":"Alicia Almagro","@id":"https:\/\/www.ikostech.es\/cue\/#\/schema\/person\/6e1883f1d8fb5232a798770599ae1b53"},"headline":"Ventilaci\u00f3n en \u00e9pocas fr\u00edas: renovar aire sin perder calor en el invernadero","datePublished":"2025-11-19T12:36:40+00:00","dateModified":"2026-02-23T09:23:28+00:00","mainEntityOfPage":{"@id":"https:\/\/www.ikostech.es\/cue\/ventilacion-epocas-frias-invernadero\/"},"wordCount":2206,"publisher":{"@id":"https:\/\/www.ikostech.es\/cue\/#organization"},"image":{"@id":"https:\/\/www.ikostech.es\/cue\/ventilacion-epocas-frias-invernadero\/#primaryimage"},"thumbnailUrl":"https:\/\/www.ikostech.es\/cue\/wp-content\/uploads\/2025\/11\/ventilacion-epocas-frias-invernadero.webp","keywords":["agricultura","control de humedad relativa","cultivos","d\u00e9ficit de presi\u00f3n de vapor","dpv","monitoreo ambiental","punto de roc\u00edo","Temperatura","ventilaci\u00f3n en invierno"],"articleSection":["Agro"],"inLanguage":"es"},{"@type":"WebPage","@id":"https:\/\/www.ikostech.es\/cue\/ventilacion-epocas-frias-invernadero\/","url":"https:\/\/www.ikostech.es\/cue\/ventilacion-epocas-frias-invernadero\/","name":"Ventilaci\u00f3n en \u00e9pocas fr\u00edas en invernadero sin perder calor","isPartOf":{"@id":"https:\/\/www.ikostech.es\/cue\/#website"},"primaryImageOfPage":{"@id":"https:\/\/www.ikostech.es\/cue\/ventilacion-epocas-frias-invernadero\/#primaryimage"},"image":{"@id":"https:\/\/www.ikostech.es\/cue\/ventilacion-epocas-frias-invernadero\/#primaryimage"},"thumbnailUrl":"https:\/\/www.ikostech.es\/cue\/wp-content\/uploads\/2025\/11\/ventilacion-epocas-frias-invernadero.webp","datePublished":"2025-11-19T12:36:40+00:00","dateModified":"2026-02-23T09:23:28+00:00","description":"Aprende c\u00f3mo aplicar ventilaci\u00f3n en \u00e9pocas fr\u00edas en invernadero sin perder calor y mantener un clima estable que proteja el cultivo.","breadcrumb":{"@id":"https:\/\/www.ikostech.es\/cue\/ventilacion-epocas-frias-invernadero\/#breadcrumb"},"inLanguage":"es","potentialAction":[{"@type":"ReadAction","target":["https:\/\/www.ikostech.es\/cue\/ventilacion-epocas-frias-invernadero\/"]}]},{"@type":"ImageObject","inLanguage":"es","@id":"https:\/\/www.ikostech.es\/cue\/ventilacion-epocas-frias-invernadero\/#primaryimage","url":"https:\/\/www.ikostech.es\/cue\/wp-content\/uploads\/2025\/11\/ventilacion-epocas-frias-invernadero.webp","contentUrl":"https:\/\/www.ikostech.es\/cue\/wp-content\/uploads\/2025\/11\/ventilacion-epocas-frias-invernadero.webp","width":1200,"height":800,"caption":"Gesti\u00f3n de ventilaci\u00f3n en invernadero durante \u00e9pocas fr\u00edas sin p\u00e9rdida de calor interno."},{"@type":"BreadcrumbList","@id":"https:\/\/www.ikostech.es\/cue\/ventilacion-epocas-frias-invernadero\/#breadcrumb","itemListElement":[{"@type":"ListItem","position":1,"name":"Portada","item":"https:\/\/www.ikostech.es\/cue\/"},{"@type":"ListItem","position":2,"name":"Ventilaci\u00f3n en \u00e9pocas fr\u00edas: renovar aire sin perder calor en el invernadero"}]},{"@type":"WebSite","@id":"https:\/\/www.ikostech.es\/cue\/#website","url":"https:\/\/www.ikostech.es\/cue\/","name":"Ikos Advanced","description":"Monitorizacion de cultivos","publisher":{"@id":"https:\/\/www.ikostech.es\/cue\/#organization"},"potentialAction":[{"@type":"SearchAction","target":{"@type":"EntryPoint","urlTemplate":"https:\/\/www.ikostech.es\/cue\/?s={search_term_string}"},"query-input":{"@type":"PropertyValueSpecification","valueRequired":true,"valueName":"search_term_string"}}],"inLanguage":"es"},{"@type":"Organization","@id":"https:\/\/www.ikostech.es\/cue\/#organization","name":"Ikos Advanced","url":"https:\/\/www.ikostech.es\/cue\/","logo":{"@type":"ImageObject","inLanguage":"es","@id":"https:\/\/www.ikostech.es\/cue\/#\/schema\/logo\/image\/","url":"https:\/\/www.ikostech.es\/cue\/wp-content\/uploads\/2023\/03\/logo-imagen-destacada.jpeg","contentUrl":"https:\/\/www.ikostech.es\/cue\/wp-content\/uploads\/2023\/03\/logo-imagen-destacada.jpeg","width":480,"height":480,"caption":"Ikos Advanced"},"image":{"@id":"https:\/\/www.ikostech.es\/cue\/#\/schema\/logo\/image\/"},"sameAs":["https:\/\/www.facebook.com\/ikostech","https:\/\/x.com\/ikos_tech","https:\/\/www.instagram.com\/ikos_tech\/","https:\/\/es.linkedin.com\/company\/ikos-tech"]},{"@type":"Person","@id":"https:\/\/www.ikostech.es\/cue\/#\/schema\/person\/6e1883f1d8fb5232a798770599ae1b53","name":"Alicia Almagro","url":"https:\/\/www.ikostech.es\/cue\/author\/aliciaalmagro\/"}]}},"_links":{"self":[{"href":"https:\/\/www.ikostech.es\/cue\/wp-json\/wp\/v2\/posts\/6666","targetHints":{"allow":["GET"]}}],"collection":[{"href":"https:\/\/www.ikostech.es\/cue\/wp-json\/wp\/v2\/posts"}],"about":[{"href":"https:\/\/www.ikostech.es\/cue\/wp-json\/wp\/v2\/types\/post"}],"author":[{"embeddable":true,"href":"https:\/\/www.ikostech.es\/cue\/wp-json\/wp\/v2\/users\/2"}],"replies":[{"embeddable":true,"href":"https:\/\/www.ikostech.es\/cue\/wp-json\/wp\/v2\/comments?post=6666"}],"version-history":[{"count":10,"href":"https:\/\/www.ikostech.es\/cue\/wp-json\/wp\/v2\/posts\/6666\/revisions"}],"predecessor-version":[{"id":6874,"href":"https:\/\/www.ikostech.es\/cue\/wp-json\/wp\/v2\/posts\/6666\/revisions\/6874"}],"wp:featuredmedia":[{"embeddable":true,"href":"https:\/\/www.ikostech.es\/cue\/wp-json\/wp\/v2\/media\/6870"}],"wp:attachment":[{"href":"https:\/\/www.ikostech.es\/cue\/wp-json\/wp\/v2\/media?parent=6666"}],"wp:term":[{"taxonomy":"category","embeddable":true,"href":"https:\/\/www.ikostech.es\/cue\/wp-json\/wp\/v2\/categories?post=6666"},{"taxonomy":"post_tag","embeddable":true,"href":"https:\/\/www.ikostech.es\/cue\/wp-json\/wp\/v2\/tags?post=6666"}],"curies":[{"name":"wp","href":"https:\/\/api.w.org\/{rel}","templated":true}]}}