{"id":6693,"date":"2025-12-04T09:55:22","date_gmt":"2025-12-04T08:55:22","guid":{"rendered":"https:\/\/www.ikostech.es\/cue\/?p=6693"},"modified":"2026-02-23T10:26:03","modified_gmt":"2026-02-23T09:26:03","slug":"heladas-cultivo-prevencion","status":"publish","type":"post","link":"https:\/\/www.ikostech.es\/cue\/heladas-cultivo-prevencion\/","title":{"rendered":"Heladas en invierno: c\u00f3mo prevenir da\u00f1os en cultivo protegido y al aire libre, del aviso a la acci\u00f3n \ud83d\ude80"},"content":{"rendered":"\n<h1 class=\"wp-block-heading has-text-align-left\">Qu\u00e9 mirar, cu\u00e1ndo actuar y c\u00f3mo priorizar medidas efectivas en cada escenario\u26a0\ufe0f<\/h1>\n\n\n\n<div style=\"height:60px\" aria-hidden=\"true\" class=\"wp-block-spacer\"><\/div>\n\n\n\n<p>Las heladas en cultivo son episodios de fr\u00edo en los que la temperatura del aire o de la propia superficie vegetal desciende hasta 0 \u00b0C (o cerca) el tiempo suficiente para da\u00f1ar tejidos. El hielo que se forma dentro o alrededor de las c\u00e9lulas rompe membranas, interrumpe el flujo de savia y deja huellas claras: necrosis en brotes y flores, aborto de fruto y freno del crecimiento. Suelen gestarse de noche cuando el suelo y el dosel pierden calor con rapidez, especialmente con cielo despejado, humedad y punto de roc\u00edo cercanos a 0 \u00b0C, y poca mezcla de aire; tambi\u00e9n pueden venir acompa\u00f1adas de entradas de aire muy fr\u00edo. La orograf\u00eda influye (vaguadas y fondos de valle acumulan fr\u00edo) y la fenolog\u00eda manda: brotaci\u00f3n, floraci\u00f3n y cuajado son los estadios m\u00e1s vulnerables. Entender estas din\u00e1micas es la base para decidir cu\u00e1ndo y c\u00f3mo proteger el cultivo.<br><br><\/p>\n\n\n\n<hr class=\"wp-block-separator has-alpha-channel-opacity\"\/>\n\n\n\n<h2 class=\"wp-block-heading\">Qu\u00e9 es una helada y por qu\u00e9 da\u00f1a el cultivo <\/h2>\n\n\n\n<div style=\"height:40px\" aria-hidden=\"true\" class=\"wp-block-spacer\"><\/div>\n\n\n\n<p>Una helada ocurre cuando la temperatura del aire o del tejido vegetal desciende hasta 0 \u00b0C (o cerca) el tiempo suficiente para provocar da\u00f1o fisiol\u00f3gico. Dos procesos explican la lesi\u00f3n:<\/p>\n\n\n\n<p><strong>Cristalizaci\u00f3n del agua \ud83e\uddca<\/strong><br>Agua que congela dentro o entre c\u00e9lulas \u2192 rotura de membranas y corte del flujo de savia.<\/p>\n\n\n\n<p><strong>Deshidrataci\u00f3n celular \ud83d\udca7<\/strong><br>P\u00e9rdida de turgencia y estr\u00e9s metab\u00f3lico cuando el aire fr\u00edo y seco extrae agua del tejido.<\/p>\n\n\n\n<p>Efectos visibles: necrosis en \u00e1pices y flores, aborto de fruto y freno del crecimiento; a medio plazo, menor calibre y rendimiento. No todos los estadios sufren igual: brotaci\u00f3n, floraci\u00f3n y cuajado son los m\u00e1s sensibles \ud83c\udf38<\/p>\n\n\n\n<hr class=\"wp-block-separator has-alpha-channel-opacity\"\/>\n\n\n\n<h2 class=\"wp-block-heading\">C\u00f3mo reconocer que la noche viene \u201cheladora\u201d \ud83d\udd0d<\/h2>\n\n\n\n<div style=\"height:40px\" aria-hidden=\"true\" class=\"wp-block-spacer\"><\/div>\n\n\n\n<p>En campo, combinamos estas se\u00f1ales para decidir cu\u00e1ndo actuar:<\/p>\n\n\n\n<ul class=\"wp-block-list\">\n<li><strong>Pron\u00f3stico y tendencia (24\u201348 h)<\/strong>: ca\u00edda acusada de la m\u00ednima y persistencia de cielos despejados.<\/li>\n\n\n\n<li><strong>Radiaci\u00f3n nocturna baja<\/strong>: cuanto m\u00e1s despejado, m\u00e1s r\u00e1pido se enfr\u00eda el dosel.<\/li>\n\n\n\n<li><strong>Humedad y punto de roc\u00edo<\/strong>: si el punto de roc\u00edo se acerca a 0 \u00b0C, aumenta la probabilidad de escarcha; si el aire est\u00e1 muy seco, el enfriamiento del tejido puede ser m\u00e1s agresivo.<\/li>\n\n\n\n<li><strong>Viento<\/strong>: calma prolongada favorece el enfriamiento local; rachas fr\u00edas sostenidas empeoran el panorama.<\/li>\n<\/ul>\n\n\n\n<p>Aplicaci\u00f3n pr\u00e1ctica: si a medianoche se consolida la combinaci\u00f3n de radiaci\u00f3n baja y descenso t\u00e9rmico, conviene preparar y actuar antes del tramo m\u00e1s fr\u00edo (habitualmente de madrugada) para reducir da\u00f1os.<\/p>\n\n\n\n<hr class=\"wp-block-separator has-alpha-channel-opacity\"\/>\n\n\n\n<h2 class=\"wp-block-heading\">Qu\u00e9 funciona en la pr\u00e1ctica \u2744\ufe0f\u27a1\ufe0f\ud83c\udf31<\/h2>\n\n\n\n<div style=\"height:40px\" aria-hidden=\"true\" class=\"wp-block-spacer\"><\/div>\n\n\n\n<h3 class=\"wp-block-heading\">En cultivo protegido (invernadero y t\u00faneles)<\/h3>\n\n\n\n<div style=\"height:20px\" aria-hidden=\"true\" class=\"wp-block-spacer\"><\/div>\n\n\n\n<ul class=\"wp-block-list\">\n<li><strong>Conservar el calor interior<\/strong>: interponer una envolvente eficaz que limite p\u00e9rdidas por convecci\u00f3n y radiaci\u00f3n. Las pantallas clim\u00e1ticas ayudan a mantener grados valiosos durante la noche.<\/li>\n\n\n\n<li><strong>Amanecer sin choques<\/strong>: evitar aperturas bruscas cuando el aire a\u00fan est\u00e1 fr\u00edo. Mejor transici\u00f3n escalonada para no estresar el tejido.<\/li>\n\n\n\n<li><strong>Orden y anticipaci\u00f3n<\/strong>: preparar la maniobra antes del tramo m\u00e1s fr\u00edo y mantener pocas acciones bien planificadas para no generar condensaci\u00f3n innecesaria.<\/li>\n<\/ul>\n\n\n\n<h3 class=\"wp-block-heading\">En aire libre<\/h3>\n\n\n\n<div style=\"height:20px\" aria-hidden=\"true\" class=\"wp-block-spacer\"><\/div>\n\n\n\n<ul class=\"wp-block-list\">\n<li><strong>Planificaci\u00f3n por orograf\u00eda<\/strong>: priorizar hondonadas, fondos de valle y zonas donde se acumula el aire fr\u00edo; organizar el manejo empezando por esas \u00e1reas.<\/li>\n\n\n\n<li><strong>Estructuras m\u00f3viles<\/strong>: t\u00faneles\/cubiertas ligeras bien ancladas pueden ayudar a atravesar la noche cr\u00edtica manteniendo la misma l\u00f3gica: conservar calor y destapar sin prisas al amanecer.<\/li>\n<\/ul>\n\n\n\n<hr class=\"wp-block-separator has-alpha-channel-opacity\"\/>\n\n\n\n<h2 class=\"wp-block-heading\">Fisiolog\u00eda y microclima: entender para decidir \u2049\ufe0f<\/h2>\n\n\n\n<div style=\"height:40px\" aria-hidden=\"true\" class=\"wp-block-spacer\"><\/div>\n\n\n\n<h3 class=\"wp-block-heading\">Por qu\u00e9 duele la helada (fisiolog\u00eda)<\/h3>\n\n\n\n<div style=\"height:20px\" aria-hidden=\"true\" class=\"wp-block-spacer\"><\/div>\n\n\n\n<ul class=\"wp-block-list\">\n<li><strong>Hielo y membranas<\/strong>: cuando el agua congela dentro o entre c\u00e9lulas, se rompen membranas y se corta el flujo de savia; el tejido pierde turgencia y se necrosa.<\/li>\n\n\n\n<li><strong>Superenfriamiento limitado<\/strong>: muchos \u00f3rganos \u201caguantan\u201d unos minutos bajo 0 \u00b0C sin cristalizar, pero basta un nucleador (polvo, microgotas) para disparar el hielo.<\/li>\n\n\n\n<li><strong>Deshidrataci\u00f3n fr\u00eda<\/strong>: aunque no veas escarcha, un aire muy seco extrae agua del tejido y lo vuelve m\u00e1s vulnerable al mismo umbral t\u00e9rmico.<\/li>\n\n\n\n<li><strong>Fenolog\u00eda manda<\/strong>: yemas en brotaci\u00f3n, flor y cuajado caen antes que hoja madura; el mismo \u201c\u20131 \u00b0C\u201d no tiene el mismo efecto en todos los estadios.<\/li>\n<\/ul>\n\n\n\n<h3 class=\"wp-block-heading\">Qu\u00e9 manda en la noche (microclima)<\/h3>\n\n\n\n<div style=\"height:20px\" aria-hidden=\"true\" class=\"wp-block-spacer\"><\/div>\n\n\n\n<ul class=\"wp-block-list\">\n<li><strong>Radiaci\u00f3n hacia el cielo<\/strong>: con cielo despejado el dosel \u201cirradia\u201d calor y se enfr\u00eda m\u00e1s r\u00e1pido que el aire; de ah\u00ed que la superficie pueda bajar antes de 0 \u00b0C.<\/li>\n\n\n\n<li><strong>Acoplamiento con el suelo<\/strong>: suelos con humedad \u00fatil y buena estructura almacenan calor diurno y lo liberan por la noche; un suelo muy seco o encharcado ayuda poco.<\/li>\n\n\n\n<li><strong>Inversi\u00f3n t\u00e9rmica<\/strong>: con calma de viento se forma una \u201ccapa fr\u00eda\u201d pegada al suelo; en vaguadas el aire denso se acumula y el riesgo sube.<\/li>\n\n\n\n<li><strong>Humedad, punto de roc\u00edo y DPV<\/strong>:\n<ul class=\"wp-block-list\">\n<li>Roc\u00edo cerca de 0 \u00b0C \u2192 probabilidad de escarcha visible.<\/li>\n\n\n\n<li>DPV alto (aire seco y fr\u00edo) \u2192 m\u00e1s deshidrataci\u00f3n y da\u00f1o sin necesidad de hielo visible.<\/li>\n<\/ul>\n<\/li>\n\n\n\n<li><strong>Viento y nubes<\/strong>: nubes \u201ctapizan\u201d y frenan la p\u00e9rdida radiativa; el viento mezcla capas (a veces ayuda, a veces trae aire m\u00e1s fr\u00edo).<\/li>\n<\/ul>\n\n\n\n<h3 class=\"wp-block-heading\">Decisiones que se derivan<\/h3>\n\n\n\n<div style=\"height:20px\" aria-hidden=\"true\" class=\"wp-block-spacer\"><\/div>\n\n\n\n<ul class=\"wp-block-list\">\n<li>Mirar el tejido, no solo el pasillo: lo que importa es la temperatura y el estado h\u00eddrico cerca del dosel.<\/li>\n\n\n\n<li>Priorizar estabilidad t\u00e9rmica: menos maniobras y mejor ordenadas reducen picos de humedad y condensaci\u00f3n.<\/li>\n\n\n\n<li>Suavizar el amanecer: el salto brusco de oscuridad fr\u00eda a radiaci\u00f3n intensa estresa; la transici\u00f3n en etapas protege hojas, flores y fruto tierno.<\/li>\n<\/ul>\n\n\n\n<p>Con esta base, la estrategia es simple: <strong>retener calor en las horas cr\u00edticas y evitar choques cuando entra la luz<\/strong>. A partir de aqu\u00ed, todo lo dem\u00e1s \u2014operativa, sensores y programas\u2014 debe alinearse con estas dos ideas.<\/p>\n\n\n\n<hr class=\"wp-block-separator has-alpha-channel-opacity\"\/>\n\n\n\n<h2 class=\"wp-block-heading\">Del aviso a la acci\u00f3n con datos (con IKOS) \ud83d\udd0e<\/h2>\n\n\n\n<div style=\"height:40px\" aria-hidden=\"true\" class=\"wp-block-spacer\"><\/div>\n\n\n\n<p>En IKOS afrontamos las heladas con un <strong>ecosistema completo<\/strong>: sens\u00f3rica de suelo y ambiente (temperatura, humedad, radiaci\u00f3n, viento, lluvia y DPV \u2014d\u00e9ficit de presi\u00f3n de vapor\u2014) y programas autom\u00e1ticos de invernadero para riego (programas de riego, abonadora) y clima (ventanas, sombreo, nebulizaci\u00f3n, ventilaci\u00f3n) \ud83c\udf31<\/p>\n\n\n\n<p>Se incluye <strong>sectorizaci\u00f3n por zonas<\/strong>, avisos, alertas configurables e inhibiciones por temperatura m\u00ednima y viento, para maniobras seguras y coherentes en noches de riesgo.<\/p>\n\n\n\n<h3 class=\"wp-block-heading\">Suelo (perfil h\u00eddrico y t\u00e9rmico) \ud83d\udfe4<\/h3>\n\n\n\n<div style=\"height:20px\" aria-hidden=\"true\" class=\"wp-block-spacer\"><\/div>\n\n\n\n<ul class=\"wp-block-list\">\n<li><strong>Tensi\u00f3metros<\/strong>: potencial h\u00eddrico (kPa) por profundidad para conocer el estado real del perfil.<\/li>\n\n\n\n<li><strong>Sondas de humedad<\/strong>: contenido volum\u00e9trico (%) y temperatura de suelo en capas.<\/li>\n<\/ul>\n\n\n\n<p><strong>Qu\u00e9 aporta<\/strong>: base para decidir prehidrataci\u00f3n sin encharcar y entender cu\u00e1nto calor puede almacenar\/liberar el suelo durante la noche.<\/p>\n\n\n\n<h3 class=\"wp-block-heading\">Ambiente (microclima del invernadero\/exterior) \ud83d\udca8<\/h3>\n\n\n\n<div style=\"height:20px\" aria-hidden=\"true\" class=\"wp-block-spacer\"><\/div>\n\n\n\n<ul class=\"wp-block-list\">\n<li><strong>Temperatura y humedad relativa<\/strong>: lectura directa del riesgo sobre el tejido.<\/li>\n\n\n\n<li><strong>Radiaci\u00f3n global<\/strong>: indica la p\u00e9rdida de calor nocturna y la transici\u00f3n del amanecer.<\/li>\n\n\n\n<li><strong>Viento y lluvia<\/strong>: condicionan maniobras seguras y estabilidad del entorno.<\/li>\n\n\n\n<li><strong>Variables derivadas<\/strong>: DPV (d\u00e9ficit de presi\u00f3n de vapor) y punto de roc\u00edo calculados para interpretar deshidrataci\u00f3n potencial y aparici\u00f3n de escarcha.<\/li>\n<\/ul>\n\n\n\n<h3 class=\"wp-block-heading\">Arquitectura y despliegue \ud83d\udcca<\/h3>\n\n\n\n<div style=\"height:20px\" aria-hidden=\"true\" class=\"wp-block-spacer\"><\/div>\n\n\n\n<ul class=\"wp-block-list\">\n<li><strong>Sectorizaci\u00f3n por zonas\/sectores<\/strong> para captar variaciones internas.<\/li>\n\n\n\n<li><strong>Registro en continuo<\/strong> con hist\u00f3ricos comparables por fecha, zona y cultivo.<\/li>\n<\/ul>\n\n\n\n<p>Los datos de suelo y ambiente se traducen en decisiones claras: anticipar noches de p\u00e9rdida r\u00e1pida de calor, ordenar la retenci\u00f3n t\u00e9rmica en horas cr\u00edticas y suavizar el amanecer.<\/p>\n\n\n\n<p>Si disponen de IKOS Connect, nuestros <strong>programas autom\u00e1ticos<\/strong> (riego y clima: ventanas, sombreo, nebulizaci\u00f3n, ventilaci\u00f3n, avisos) ejecutan condiciones y horarios configurables \u2014por ejemplo, riego por hora de inicio o por demanda de sensores; clima en funci\u00f3n de radiaci\u00f3n y temperatura\u2014, aplican prioridades entre programas y coordinan las maniobras para evitar solapes.<\/p>\n\n\n\n<blockquote class=\"wp-block-quote is-layout-flow wp-block-quote-is-layout-flow\">\n<p><strong>Objetivo<\/strong>: convertir datos fiables y centralizados en una respuesta coordinada y \u00e1gil frente a las heladas \u2014actuar antes de que el fr\u00edo decida por ti <\/p>\n<\/blockquote>\n\n\n\n<p>Las heladas no se ganan con trucos, sino con <strong>lectura del microclima<\/strong>, <strong>orden<\/strong> y <strong>pocas maniobras bien hechas<\/strong>. Si entiendes qu\u00e9 est\u00e1 pasando (suelo, aire, radiaci\u00f3n, viento) y alineas <strong>medici\u00f3n y acci\u00f3n<\/strong>, la noche deja de ser una ruleta y el amanecer llega <strong>sin sobresaltos<\/strong>.<\/p>\n\n\n\n<p>En <strong>IKOS <\/strong>trabajamos justo para eso: que cada decisi\u00f3n tenga sentido y llegue a tiempo, con criterios claros y una operaci\u00f3n coherente durante todo el invierno. \u2744\ufe0f\ud83d\udcc8\ud83c\udf31<br><\/p>\n\n\n\n<div style=\"height:47px\" aria-hidden=\"true\" class=\"wp-block-spacer\"><\/div>\n\n\n\n<div class=\"wp-block-buttons is-content-justification-center is-layout-flex wp-container-core-buttons-is-layout-a89b3969 wp-block-buttons-is-layout-flex\">\n<div class=\"wp-block-button\"><a class=\"wp-block-button__link has-text-align-center wp-element-button\" href=\"https:\/\/ikosadvancedcrm.activehosted.com\/f\/144\" target=\"_blank\" rel=\"noreferrer noopener\"><strong><strong>Solicitar m\u00e1s informaci\u00f3n<\/strong><\/strong><\/a><\/div>\n<\/div>\n\n\n\n<p><\/p>\n","protected":false},"excerpt":{"rendered":"<p>Qu\u00e9 mirar, cu\u00e1ndo actuar y c\u00f3mo priorizar medidas efectivas en cada escenario\u26a0\ufe0f Las heladas en cultivo son episodios de fr\u00edo en los que la temperatura del aire o de la propia superficie vegetal desciende hasta 0 \u00b0C (o cerca) el tiempo suficiente para da\u00f1ar tejidos. El hielo que se forma dentro o alrededor de las [&hellip;]<\/p>\n","protected":false},"author":2,"featured_media":6867,"comment_status":"closed","ping_status":"open","sticky":false,"template":"","format":"standard","meta":{"site-sidebar-layout":"default","site-content-layout":"","ast-site-content-layout":"default","site-content-style":"default","site-sidebar-style":"default","ast-global-header-display":"","ast-banner-title-visibility":"","ast-main-header-display":"","ast-hfb-above-header-display":"","ast-hfb-below-header-display":"","ast-hfb-mobile-header-display":"","site-post-title":"","ast-breadcrumbs-content":"","ast-featured-img":"","footer-sml-layout":"","theme-transparent-header-meta":"","adv-header-id-meta":"","stick-header-meta":"","header-above-stick-meta":"","header-main-stick-meta":"","header-below-stick-meta":"","astra-migrate-meta-layouts":"set","ast-page-background-enabled":"default","ast-page-background-meta":{"desktop":{"background-color":"var(--ast-global-color-4)","background-image":"","background-repeat":"repeat","background-position":"center center","background-size":"auto","background-attachment":"scroll","background-type":"","background-media":"","overlay-type":"","overlay-color":"","overlay-opacity":"","overlay-gradient":""},"tablet":{"background-color":"","background-image":"","background-repeat":"repeat","background-position":"center center","background-size":"auto","background-attachment":"scroll","background-type":"","background-media":"","overlay-type":"","overlay-color":"","overlay-opacity":"","overlay-gradient":""},"mobile":{"background-color":"","background-image":"","background-repeat":"repeat","background-position":"center center","background-size":"auto","background-attachment":"scroll","background-type":"","background-media":"","overlay-type":"","overlay-color":"","overlay-opacity":"","overlay-gradient":""}},"ast-content-background-meta":{"desktop":{"background-color":"var(--ast-global-color-5)","background-image":"","background-repeat":"repeat","background-position":"center center","background-size":"auto","background-attachment":"scroll","background-type":"","background-media":"","overlay-type":"","overlay-color":"","overlay-opacity":"","overlay-gradient":""},"tablet":{"background-color":"var(--ast-global-color-5)","background-image":"","background-repeat":"repeat","background-position":"center center","background-size":"auto","background-attachment":"scroll","background-type":"","background-media":"","overlay-type":"","overlay-color":"","overlay-opacity":"","overlay-gradient":""},"mobile":{"background-color":"var(--ast-global-color-5)","background-image":"","background-repeat":"repeat","background-position":"center center","background-size":"auto","background-attachment":"scroll","background-type":"","background-media":"","overlay-type":"","overlay-color":"","overlay-opacity":"","overlay-gradient":""}},"footnotes":""},"categories":[19],"tags":[94,92,96,80,88,98,49],"class_list":["post-6693","post","type-post","status-publish","format-standard","has-post-thumbnail","hentry","category-agro","tag-agricultura","tag-cultivos","tag-danos-por-heladas","tag-monitoreo-ambiental","tag-prevencion-de-heladas","tag-tecnicas-de-proteccion","tag-temperatura"],"yoast_head":"<!-- This site is optimized with the Yoast SEO plugin v26.6 - https:\/\/yoast.com\/wordpress\/plugins\/seo\/ -->\n<title>Heladas en cultivo: c\u00f3mo prevenir da\u00f1os<\/title>\n<meta name=\"description\" content=\"Las heladas en cultivo pueden provocar da\u00f1os graves en plantas y frutos. Aprende c\u00f3mo prevenir p\u00e9rdidas y proteger tu producci\u00f3n con estrategias eficaces.\" \/>\n<meta name=\"robots\" content=\"index, follow, max-snippet:-1, max-image-preview:large, max-video-preview:-1\" \/>\n<link rel=\"canonical\" href=\"https:\/\/www.ikostech.es\/cue\/heladas-cultivo-prevencion\/\" \/>\n<meta property=\"og:locale\" content=\"es_ES\" \/>\n<meta property=\"og:type\" content=\"article\" \/>\n<meta property=\"og:title\" content=\"Heladas en cultivo: c\u00f3mo prevenir da\u00f1os\" \/>\n<meta property=\"og:description\" content=\"Las heladas en cultivo pueden provocar da\u00f1os graves en plantas y frutos. Aprende c\u00f3mo prevenir p\u00e9rdidas y proteger tu producci\u00f3n con estrategias eficaces.\" \/>\n<meta property=\"og:url\" content=\"https:\/\/www.ikostech.es\/cue\/heladas-cultivo-prevencion\/\" \/>\n<meta property=\"og:site_name\" content=\"Ikos Advanced\" \/>\n<meta property=\"article:publisher\" content=\"https:\/\/www.facebook.com\/ikostech\" \/>\n<meta property=\"article:published_time\" content=\"2025-12-04T08:55:22+00:00\" \/>\n<meta property=\"article:modified_time\" content=\"2026-02-23T09:26:03+00:00\" \/>\n<meta property=\"og:image\" content=\"https:\/\/www.ikostech.es\/cue\/wp-content\/uploads\/2025\/12\/heladas-cultivo-prevencion.webp\" \/>\n\t<meta property=\"og:image:width\" content=\"1200\" \/>\n\t<meta property=\"og:image:height\" content=\"800\" \/>\n\t<meta property=\"og:image:type\" content=\"image\/webp\" \/>\n<meta name=\"author\" content=\"Alicia Almagro\" \/>\n<meta name=\"twitter:card\" content=\"summary_large_image\" \/>\n<meta name=\"twitter:creator\" content=\"@ikos_tech\" \/>\n<meta name=\"twitter:site\" content=\"@ikos_tech\" \/>\n<meta name=\"twitter:label1\" content=\"Escrito por\" \/>\n\t<meta name=\"twitter:data1\" content=\"Alicia Almagro\" \/>\n\t<meta name=\"twitter:label2\" content=\"Tiempo de lectura\" \/>\n\t<meta name=\"twitter:data2\" content=\"41 minutos\" \/>\n<script type=\"application\/ld+json\" class=\"yoast-schema-graph\">{\"@context\":\"https:\/\/schema.org\",\"@graph\":[{\"@type\":\"Article\",\"@id\":\"https:\/\/www.ikostech.es\/cue\/heladas-cultivo-prevencion\/#article\",\"isPartOf\":{\"@id\":\"https:\/\/www.ikostech.es\/cue\/heladas-cultivo-prevencion\/\"},\"author\":{\"name\":\"Alicia Almagro\",\"@id\":\"https:\/\/www.ikostech.es\/cue\/#\/schema\/person\/6e1883f1d8fb5232a798770599ae1b53\"},\"headline\":\"Heladas en invierno: c\u00f3mo prevenir da\u00f1os en cultivo protegido y al aire libre, del aviso a la acci\u00f3n \ud83d\ude80\",\"datePublished\":\"2025-12-04T08:55:22+00:00\",\"dateModified\":\"2026-02-23T09:26:03+00:00\",\"mainEntityOfPage\":{\"@id\":\"https:\/\/www.ikostech.es\/cue\/heladas-cultivo-prevencion\/\"},\"wordCount\":1423,\"publisher\":{\"@id\":\"https:\/\/www.ikostech.es\/cue\/#organization\"},\"image\":{\"@id\":\"https:\/\/www.ikostech.es\/cue\/heladas-cultivo-prevencion\/#primaryimage\"},\"thumbnailUrl\":\"https:\/\/www.ikostech.es\/cue\/wp-content\/uploads\/2025\/12\/heladas-cultivo-prevencion.webp\",\"keywords\":[\"agricultura\",\"cultivos\",\"da\u00f1os por heladas\",\"monitoreo ambiental\",\"prevenci\u00f3n de heladas\",\"t\u00e9cnicas de protecci\u00f3n\",\"Temperatura\"],\"articleSection\":[\"Agro\"],\"inLanguage\":\"es\"},{\"@type\":\"WebPage\",\"@id\":\"https:\/\/www.ikostech.es\/cue\/heladas-cultivo-prevencion\/\",\"url\":\"https:\/\/www.ikostech.es\/cue\/heladas-cultivo-prevencion\/\",\"name\":\"Heladas en cultivo: c\u00f3mo prevenir da\u00f1os\",\"isPartOf\":{\"@id\":\"https:\/\/www.ikostech.es\/cue\/#website\"},\"primaryImageOfPage\":{\"@id\":\"https:\/\/www.ikostech.es\/cue\/heladas-cultivo-prevencion\/#primaryimage\"},\"image\":{\"@id\":\"https:\/\/www.ikostech.es\/cue\/heladas-cultivo-prevencion\/#primaryimage\"},\"thumbnailUrl\":\"https:\/\/www.ikostech.es\/cue\/wp-content\/uploads\/2025\/12\/heladas-cultivo-prevencion.webp\",\"datePublished\":\"2025-12-04T08:55:22+00:00\",\"dateModified\":\"2026-02-23T09:26:03+00:00\",\"description\":\"Las heladas en cultivo pueden provocar da\u00f1os graves en plantas y frutos. Aprende c\u00f3mo prevenir p\u00e9rdidas y proteger tu producci\u00f3n con estrategias eficaces.\",\"breadcrumb\":{\"@id\":\"https:\/\/www.ikostech.es\/cue\/heladas-cultivo-prevencion\/#breadcrumb\"},\"inLanguage\":\"es\",\"potentialAction\":[{\"@type\":\"ReadAction\",\"target\":[\"https:\/\/www.ikostech.es\/cue\/heladas-cultivo-prevencion\/\"]}]},{\"@type\":\"ImageObject\",\"inLanguage\":\"es\",\"@id\":\"https:\/\/www.ikostech.es\/cue\/heladas-cultivo-prevencion\/#primaryimage\",\"url\":\"https:\/\/www.ikostech.es\/cue\/wp-content\/uploads\/2025\/12\/heladas-cultivo-prevencion.webp\",\"contentUrl\":\"https:\/\/www.ikostech.es\/cue\/wp-content\/uploads\/2025\/12\/heladas-cultivo-prevencion.webp\",\"width\":1200,\"height\":800,\"caption\":\"Da\u00f1os por heladas en cultivo protegido y necesidad de prevenci\u00f3n.\"},{\"@type\":\"BreadcrumbList\",\"@id\":\"https:\/\/www.ikostech.es\/cue\/heladas-cultivo-prevencion\/#breadcrumb\",\"itemListElement\":[{\"@type\":\"ListItem\",\"position\":1,\"name\":\"Portada\",\"item\":\"https:\/\/www.ikostech.es\/cue\/\"},{\"@type\":\"ListItem\",\"position\":2,\"name\":\"Heladas en invierno: c\u00f3mo prevenir da\u00f1os en cultivo protegido y al aire libre, del aviso a la acci\u00f3n \ud83d\ude80\"}]},{\"@type\":\"WebSite\",\"@id\":\"https:\/\/www.ikostech.es\/cue\/#website\",\"url\":\"https:\/\/www.ikostech.es\/cue\/\",\"name\":\"Ikos Advanced\",\"description\":\"Monitorizacion de cultivos\",\"publisher\":{\"@id\":\"https:\/\/www.ikostech.es\/cue\/#organization\"},\"potentialAction\":[{\"@type\":\"SearchAction\",\"target\":{\"@type\":\"EntryPoint\",\"urlTemplate\":\"https:\/\/www.ikostech.es\/cue\/?s={search_term_string}\"},\"query-input\":{\"@type\":\"PropertyValueSpecification\",\"valueRequired\":true,\"valueName\":\"search_term_string\"}}],\"inLanguage\":\"es\"},{\"@type\":\"Organization\",\"@id\":\"https:\/\/www.ikostech.es\/cue\/#organization\",\"name\":\"Ikos Advanced\",\"url\":\"https:\/\/www.ikostech.es\/cue\/\",\"logo\":{\"@type\":\"ImageObject\",\"inLanguage\":\"es\",\"@id\":\"https:\/\/www.ikostech.es\/cue\/#\/schema\/logo\/image\/\",\"url\":\"https:\/\/www.ikostech.es\/cue\/wp-content\/uploads\/2023\/03\/logo-imagen-destacada.jpeg\",\"contentUrl\":\"https:\/\/www.ikostech.es\/cue\/wp-content\/uploads\/2023\/03\/logo-imagen-destacada.jpeg\",\"width\":480,\"height\":480,\"caption\":\"Ikos Advanced\"},\"image\":{\"@id\":\"https:\/\/www.ikostech.es\/cue\/#\/schema\/logo\/image\/\"},\"sameAs\":[\"https:\/\/www.facebook.com\/ikostech\",\"https:\/\/x.com\/ikos_tech\",\"https:\/\/www.instagram.com\/ikos_tech\/\",\"https:\/\/es.linkedin.com\/company\/ikos-tech\"]},{\"@type\":\"Person\",\"@id\":\"https:\/\/www.ikostech.es\/cue\/#\/schema\/person\/6e1883f1d8fb5232a798770599ae1b53\",\"name\":\"Alicia Almagro\",\"url\":\"https:\/\/www.ikostech.es\/cue\/author\/aliciaalmagro\/\"}]}<\/script>\n<!-- \/ Yoast SEO plugin. -->","yoast_head_json":{"title":"Heladas en cultivo: c\u00f3mo prevenir da\u00f1os","description":"Las heladas en cultivo pueden provocar da\u00f1os graves en plantas y frutos. Aprende c\u00f3mo prevenir p\u00e9rdidas y proteger tu producci\u00f3n con estrategias eficaces.","robots":{"index":"index","follow":"follow","max-snippet":"max-snippet:-1","max-image-preview":"max-image-preview:large","max-video-preview":"max-video-preview:-1"},"canonical":"https:\/\/www.ikostech.es\/cue\/heladas-cultivo-prevencion\/","og_locale":"es_ES","og_type":"article","og_title":"Heladas en cultivo: c\u00f3mo prevenir da\u00f1os","og_description":"Las heladas en cultivo pueden provocar da\u00f1os graves en plantas y frutos. Aprende c\u00f3mo prevenir p\u00e9rdidas y proteger tu producci\u00f3n con estrategias eficaces.","og_url":"https:\/\/www.ikostech.es\/cue\/heladas-cultivo-prevencion\/","og_site_name":"Ikos Advanced","article_publisher":"https:\/\/www.facebook.com\/ikostech","article_published_time":"2025-12-04T08:55:22+00:00","article_modified_time":"2026-02-23T09:26:03+00:00","og_image":[{"width":1200,"height":800,"url":"https:\/\/www.ikostech.es\/cue\/wp-content\/uploads\/2025\/12\/heladas-cultivo-prevencion.webp","type":"image\/webp"}],"author":"Alicia Almagro","twitter_card":"summary_large_image","twitter_creator":"@ikos_tech","twitter_site":"@ikos_tech","twitter_misc":{"Escrito por":"Alicia Almagro","Tiempo de lectura":"41 minutos"},"schema":{"@context":"https:\/\/schema.org","@graph":[{"@type":"Article","@id":"https:\/\/www.ikostech.es\/cue\/heladas-cultivo-prevencion\/#article","isPartOf":{"@id":"https:\/\/www.ikostech.es\/cue\/heladas-cultivo-prevencion\/"},"author":{"name":"Alicia Almagro","@id":"https:\/\/www.ikostech.es\/cue\/#\/schema\/person\/6e1883f1d8fb5232a798770599ae1b53"},"headline":"Heladas en invierno: c\u00f3mo prevenir da\u00f1os en cultivo protegido y al aire libre, del aviso a la acci\u00f3n \ud83d\ude80","datePublished":"2025-12-04T08:55:22+00:00","dateModified":"2026-02-23T09:26:03+00:00","mainEntityOfPage":{"@id":"https:\/\/www.ikostech.es\/cue\/heladas-cultivo-prevencion\/"},"wordCount":1423,"publisher":{"@id":"https:\/\/www.ikostech.es\/cue\/#organization"},"image":{"@id":"https:\/\/www.ikostech.es\/cue\/heladas-cultivo-prevencion\/#primaryimage"},"thumbnailUrl":"https:\/\/www.ikostech.es\/cue\/wp-content\/uploads\/2025\/12\/heladas-cultivo-prevencion.webp","keywords":["agricultura","cultivos","da\u00f1os por heladas","monitoreo ambiental","prevenci\u00f3n de heladas","t\u00e9cnicas de protecci\u00f3n","Temperatura"],"articleSection":["Agro"],"inLanguage":"es"},{"@type":"WebPage","@id":"https:\/\/www.ikostech.es\/cue\/heladas-cultivo-prevencion\/","url":"https:\/\/www.ikostech.es\/cue\/heladas-cultivo-prevencion\/","name":"Heladas en cultivo: c\u00f3mo prevenir da\u00f1os","isPartOf":{"@id":"https:\/\/www.ikostech.es\/cue\/#website"},"primaryImageOfPage":{"@id":"https:\/\/www.ikostech.es\/cue\/heladas-cultivo-prevencion\/#primaryimage"},"image":{"@id":"https:\/\/www.ikostech.es\/cue\/heladas-cultivo-prevencion\/#primaryimage"},"thumbnailUrl":"https:\/\/www.ikostech.es\/cue\/wp-content\/uploads\/2025\/12\/heladas-cultivo-prevencion.webp","datePublished":"2025-12-04T08:55:22+00:00","dateModified":"2026-02-23T09:26:03+00:00","description":"Las heladas en cultivo pueden provocar da\u00f1os graves en plantas y frutos. Aprende c\u00f3mo prevenir p\u00e9rdidas y proteger tu producci\u00f3n con estrategias eficaces.","breadcrumb":{"@id":"https:\/\/www.ikostech.es\/cue\/heladas-cultivo-prevencion\/#breadcrumb"},"inLanguage":"es","potentialAction":[{"@type":"ReadAction","target":["https:\/\/www.ikostech.es\/cue\/heladas-cultivo-prevencion\/"]}]},{"@type":"ImageObject","inLanguage":"es","@id":"https:\/\/www.ikostech.es\/cue\/heladas-cultivo-prevencion\/#primaryimage","url":"https:\/\/www.ikostech.es\/cue\/wp-content\/uploads\/2025\/12\/heladas-cultivo-prevencion.webp","contentUrl":"https:\/\/www.ikostech.es\/cue\/wp-content\/uploads\/2025\/12\/heladas-cultivo-prevencion.webp","width":1200,"height":800,"caption":"Da\u00f1os por heladas en cultivo protegido y necesidad de prevenci\u00f3n."},{"@type":"BreadcrumbList","@id":"https:\/\/www.ikostech.es\/cue\/heladas-cultivo-prevencion\/#breadcrumb","itemListElement":[{"@type":"ListItem","position":1,"name":"Portada","item":"https:\/\/www.ikostech.es\/cue\/"},{"@type":"ListItem","position":2,"name":"Heladas en invierno: c\u00f3mo prevenir da\u00f1os en cultivo protegido y al aire libre, del aviso a la acci\u00f3n \ud83d\ude80"}]},{"@type":"WebSite","@id":"https:\/\/www.ikostech.es\/cue\/#website","url":"https:\/\/www.ikostech.es\/cue\/","name":"Ikos Advanced","description":"Monitorizacion de cultivos","publisher":{"@id":"https:\/\/www.ikostech.es\/cue\/#organization"},"potentialAction":[{"@type":"SearchAction","target":{"@type":"EntryPoint","urlTemplate":"https:\/\/www.ikostech.es\/cue\/?s={search_term_string}"},"query-input":{"@type":"PropertyValueSpecification","valueRequired":true,"valueName":"search_term_string"}}],"inLanguage":"es"},{"@type":"Organization","@id":"https:\/\/www.ikostech.es\/cue\/#organization","name":"Ikos Advanced","url":"https:\/\/www.ikostech.es\/cue\/","logo":{"@type":"ImageObject","inLanguage":"es","@id":"https:\/\/www.ikostech.es\/cue\/#\/schema\/logo\/image\/","url":"https:\/\/www.ikostech.es\/cue\/wp-content\/uploads\/2023\/03\/logo-imagen-destacada.jpeg","contentUrl":"https:\/\/www.ikostech.es\/cue\/wp-content\/uploads\/2023\/03\/logo-imagen-destacada.jpeg","width":480,"height":480,"caption":"Ikos Advanced"},"image":{"@id":"https:\/\/www.ikostech.es\/cue\/#\/schema\/logo\/image\/"},"sameAs":["https:\/\/www.facebook.com\/ikostech","https:\/\/x.com\/ikos_tech","https:\/\/www.instagram.com\/ikos_tech\/","https:\/\/es.linkedin.com\/company\/ikos-tech"]},{"@type":"Person","@id":"https:\/\/www.ikostech.es\/cue\/#\/schema\/person\/6e1883f1d8fb5232a798770599ae1b53","name":"Alicia Almagro","url":"https:\/\/www.ikostech.es\/cue\/author\/aliciaalmagro\/"}]}},"_links":{"self":[{"href":"https:\/\/www.ikostech.es\/cue\/wp-json\/wp\/v2\/posts\/6693","targetHints":{"allow":["GET"]}}],"collection":[{"href":"https:\/\/www.ikostech.es\/cue\/wp-json\/wp\/v2\/posts"}],"about":[{"href":"https:\/\/www.ikostech.es\/cue\/wp-json\/wp\/v2\/types\/post"}],"author":[{"embeddable":true,"href":"https:\/\/www.ikostech.es\/cue\/wp-json\/wp\/v2\/users\/2"}],"replies":[{"embeddable":true,"href":"https:\/\/www.ikostech.es\/cue\/wp-json\/wp\/v2\/comments?post=6693"}],"version-history":[{"count":5,"href":"https:\/\/www.ikostech.es\/cue\/wp-json\/wp\/v2\/posts\/6693\/revisions"}],"predecessor-version":[{"id":6869,"href":"https:\/\/www.ikostech.es\/cue\/wp-json\/wp\/v2\/posts\/6693\/revisions\/6869"}],"wp:featuredmedia":[{"embeddable":true,"href":"https:\/\/www.ikostech.es\/cue\/wp-json\/wp\/v2\/media\/6867"}],"wp:attachment":[{"href":"https:\/\/www.ikostech.es\/cue\/wp-json\/wp\/v2\/media?parent=6693"}],"wp:term":[{"taxonomy":"category","embeddable":true,"href":"https:\/\/www.ikostech.es\/cue\/wp-json\/wp\/v2\/categories?post=6693"},{"taxonomy":"post_tag","embeddable":true,"href":"https:\/\/www.ikostech.es\/cue\/wp-json\/wp\/v2\/tags?post=6693"}],"curies":[{"name":"wp","href":"https:\/\/api.w.org\/{rel}","templated":true}]}}